{"id":13392,"date":"2024-01-23T13:16:59","date_gmt":"2024-01-23T16:16:59","guid":{"rendered":"https:\/\/www.visionweb.com.ar\/?p=13392"},"modified":"2024-01-23T13:16:59","modified_gmt":"2024-01-23T16:16:59","slug":"inseguridad-fatal-umma-aguilera-la-nena-asesinada-en-lomas-de-zamora","status":"publish","type":"post","link":"https:\/\/www.visionweb.com.ar\/?p=13392","title":{"rendered":"Inseguridad fatal: Umma Aguilera, la nena asesinada en Lomas de Zamora"},"content":{"rendered":"<p><em><strong>Era la hija de un custodio de Patricia Bullrich, ten\u00eda 9 a\u00f1os, iba en el auto con sus padres, y muri\u00f3 tras recibir un tiro en la nuca. El velatorio empez\u00f3 en las primeras horas de este martes y, a la tarde sus restos ser\u00e1n trasladados al cementerio de Lomas de Zamora.<\/strong><\/em><!--more--><\/p>\n<p><strong> <img loading=\"lazy\" decoding=\"async\" class=\"size-medium wp-image-13394 alignright\" src=\"https:\/\/www.visionweb.com.ar\/wp-content\/uploads\/2024\/01\/Umma-2-300x146.png\" alt=\"\" width=\"300\" height=\"146\" srcset=\"https:\/\/www.visionweb.com.ar\/wp-content\/uploads\/2024\/01\/Umma-2-300x146.png 300w, https:\/\/www.visionweb.com.ar\/wp-content\/uploads\/2024\/01\/Umma-2.png 335w\" sizes=\"auto, (max-width: 300px) 100vw, 300px\" \/>\u00a0 E<\/strong>l violento crimen ocurri\u00f3 ayer por la ma\u00f1ana, cuando la familia sal\u00eda de su casa de Villa Centenario en Lomas Zamora, y de acuerdo con lo que trascendi\u00f3, iban al pediatra cuando fueron interceptados por ladrones armados, que dispararon.<\/p>\n<p><strong>Los padres son integrantes de la Polic\u00eda Federal,<\/strong> Eduardo Adri\u00e1n Aguilera (42)\u00a0es parte de la custodia de Bullrich\u00a0y la madre, Mar\u00eda Eugenia Rodr\u00edguez \u00c1lvarez, pertenece al \u00e1rea de Polic\u00eda Cient\u00edfica.<\/p>\n<p>El fiscal de la causa, Pablo Rossi, titular de la Unidad Funcional de Instrucci\u00f3n (UFI) 18 de Lomas de Zamora, revel\u00f3 que hay un mayor aprehendido, y buscan a otros tres sospechosos.<\/p>\n<p>\u201cEntiendo que hay evidencia suficiente para entender que ha tenido participaci\u00f3n en el hecho\u201d, dijo acerca del aprehendido en el caso.\u00a0<strong>\u201cNo estoy en condiciones de decir si tiene antecedentes\u201d,<\/strong>\u00a0agreg\u00f3.<\/p>\n<p>En esa l\u00ednea subray\u00f3: \u201cEstamos todos abocados a esto.\u00a0<strong>Nuestra prioridad es encontrar a los responsables del hecho. Tenemos la confianza en que lo vamos a lograr<\/strong>. Estamos trabajando intensamente para eso\u201d, declar\u00f3 ante la prensa.<\/p>\n<p>\u201cTenemos\u00a0<strong>muchas filmaciones de los hechos<\/strong>\u00a0que nos puede permitir encontrarlos\u201d, se\u00f1al\u00f3.<\/p>\n<p>Y detall\u00f3: \u201cHay <strong>cuatro personas que se distribuyeron las tareas para cometer primeramente el robo de un veh\u00edculo y luego el segundo intento de robo donde se produjo esta tragedia\u00a0<\/strong>que disparan y fallece esta ni\u00f1a\u201d.<\/p>\n<p><strong>Familiares y allegados a Umma, despiden a la peque\u00f1a en una ceremonia \u00edntima en la localidad de Banfield.<\/strong><\/p>\n<p>El velatorio se extender\u00e1 hasta la tarde, cuando finalmente los restos ser\u00e1n trasladados al cementerio municipal de Lomas de Zamora.<\/p>\n<p><strong>La familia fue sorprendida ayer por delincuentes cuando sal\u00edan de la casa en Villa Centenario. Dispararon sin piedad y uno de esos proyectiles provoc\u00f3 una herida mortal a la nena de 9 a\u00f1os.<\/strong><\/p>\n<p>Los tiros le ingresaron en la\u00a0nuca\u00a0y en la\u00a0mano\u00a0y a pesar de haber sido trasladada al\u00a0Hospital Churruca, despu\u00e9s del mediod\u00eda confirmaron su\u00a0fallecimiento.<\/p>\n<p>El joven fue capturado por el relevamiento de las c\u00e1maras de seguridad y se espera que entre este martes o el mi\u00e9rcoles\u00a0sea indagado por el fiscal Pablo Rossi.<\/p>\n<p>Una c\u00e1mara logr\u00f3 captar a la banda a las 8.40 del lunes donde robaron el Toyota Corolla negro y luego, ocho minutos despu\u00e9s, es cuando llevaron a cabo el asesinato de la menor, con el fin de robar el auto familiar.<\/p>\n<p>Lo encontraron\u00a0en el lugar donde los cuatro delincuentes descartaron el Toyota Corolla negro\u00a0con el que hab\u00edan cometido el asesinato y al que regresaron para buscar algo.<\/p>\n<p>Los asesinos hab\u00edan descartado el veh\u00edculo en\u00a0Darwin y Canad\u00e1 de Villa Fiorito. <strong>(VW)<\/strong><\/p>\n<p>&nbsp;<\/p>\n","protected":false},"excerpt":{"rendered":"<p>Era la hija de un custodio de Patricia Bullrich, ten\u00eda 9 a\u00f1os, iba en el auto con sus padres, y muri\u00f3 tras recibir un tiro en la nuca. El velatorio empez\u00f3 en las primeras&#46;&#46;&#46;<\/p>\n","protected":false},"author":4,"featured_media":13394,"comment_status":"closed","ping_status":"closed","sticky":false,"template":"","format":"standard","meta":{"_monsterinsights_skip_tracking":false,"_monsterinsights_sitenote_active":false,"_monsterinsights_sitenote_note":"","_monsterinsights_sitenote_category":0,"footnotes":""},"categories":[8],"tags":[240,318,5568,5569],"class_list":["post-13392","post","type-post","status-publish","format-standard","has-post-thumbnail","hentry","category-interes-general","tag-inseguridad","tag-lomas-de-zamora","tag-robo-y-asesinato","tag-umma-aguilera"],"_links":{"self":[{"href":"https:\/\/www.visionweb.com.ar\/index.php?rest_route=\/wp\/v2\/posts\/13392","targetHints":{"allow":["GET"]}}],"collection":[{"href":"https:\/\/www.visionweb.com.ar\/index.php?rest_route=\/wp\/v2\/posts"}],"about":[{"href":"https:\/\/www.visionweb.com.ar\/index.php?rest_route=\/wp\/v2\/types\/post"}],"author":[{"embeddable":true,"href":"https:\/\/www.visionweb.com.ar\/index.php?rest_route=\/wp\/v2\/users\/4"}],"replies":[{"embeddable":true,"href":"https:\/\/www.visionweb.com.ar\/index.php?rest_route=%2Fwp%2Fv2%2Fcomments&post=13392"}],"version-history":[{"count":2,"href":"https:\/\/www.visionweb.com.ar\/index.php?rest_route=\/wp\/v2\/posts\/13392\/revisions"}],"predecessor-version":[{"id":13395,"href":"https:\/\/www.visionweb.com.ar\/index.php?rest_route=\/wp\/v2\/posts\/13392\/revisions\/13395"}],"wp:featuredmedia":[{"embeddable":true,"href":"https:\/\/www.visionweb.com.ar\/index.php?rest_route=\/wp\/v2\/media\/13394"}],"wp:attachment":[{"href":"https:\/\/www.visionweb.com.ar\/index.php?rest_route=%2Fwp%2Fv2%2Fmedia&parent=13392"}],"wp:term":[{"taxonomy":"category","embeddable":true,"href":"https:\/\/www.visionweb.com.ar\/index.php?rest_route=%2Fwp%2Fv2%2Fcategories&post=13392"},{"taxonomy":"post_tag","embeddable":true,"href":"https:\/\/www.visionweb.com.ar\/index.php?rest_route=%2Fwp%2Fv2%2Ftags&post=13392"}],"curies":[{"name":"wp","href":"https:\/\/api.w.org\/{rel}","templated":true}]}}