{"id":13386,"date":"2024-01-23T09:42:50","date_gmt":"2024-01-23T12:42:50","guid":{"rendered":"https:\/\/www.visionweb.com.ar\/?p=13386"},"modified":"2024-01-23T09:42:50","modified_gmt":"2024-01-23T12:42:50","slug":"el-tiempo-anuncian-una-alerta-amarilla-por-fuertes-vientos-en-la-provincia","status":"publish","type":"post","link":"https:\/\/www.visionweb.com.ar\/?p=13386","title":{"rendered":"El tiempo: Anuncian una alerta amarilla por fuertes vientos en la Provincia"},"content":{"rendered":"<p><em><strong>El SMN lanz\u00f3 una alerta amarilla para este martes por fuertes vientos en varias ciudades de la provincia de Buenos Aires. Tambi\u00e9n hay<\/strong><strong> alerta meteorol\u00f3gica amarilla por temperaturas extremas.<\/strong><\/em><!--more--><\/p>\n<p><strong><img loading=\"lazy\" decoding=\"async\" class=\"size-medium wp-image-8584 alignright\" src=\"https:\/\/www.visionweb.com.ar\/wp-content\/uploads\/2022\/12\/alerta-roja-smn-300x227.jpg\" alt=\"\" width=\"300\" height=\"227\" srcset=\"https:\/\/www.visionweb.com.ar\/wp-content\/uploads\/2022\/12\/alerta-roja-smn-300x227.jpg 300w, https:\/\/www.visionweb.com.ar\/wp-content\/uploads\/2022\/12\/alerta-roja-smn.bmp 595w\" sizes=\"auto, (max-width: 300px) 100vw, 300px\" \/> \u00a0E<\/strong>l\u00a0<strong>Servicio Meteorol\u00f3gico Nacional (SMN)\u00a0<\/strong>emiti\u00f3 una <strong>alerta amarilla para este martes 23 de enero por fuertes r\u00e1fagas de viento<\/strong> en varias localidades de la provincia de Buenos Aires, que regir\u00e1 durante esta tarde, y seg\u00fan inform\u00f3 el organismo en su sitio oficial,\u00a0\u00abel \u00e1rea ser\u00e1 afectada por vientos del sector norte con velocidades entre 35 y 50 km\/h, y r\u00e1fagas que pueden superar los 70 km\/h\u00bb.<\/p>\n<p>La alerta amarilla rige para los posibles fen\u00f3menos meteorol\u00f3gicos con capacidad de da\u00f1o y que produzcan riesgo de interrupci\u00f3n moment\u00e1nea de actividades cotidianas.<\/p>\n<p>Las localidades bonaerenses afectadas por la alerta amarilla son:<\/p>\n<ul>\n<li>Patagones.<\/li>\n<li>Bah\u00eda Blanca.<\/li>\n<li>Villarino.<\/li>\n<li>Puan.<\/li>\n<li>Coronel Pringles.<\/li>\n<li>Coronel Su\u00e1rez.<\/li>\n<li>Saavedra.<\/li>\n<li>Tornquist.<\/li>\n<li>Coronel Dorrego.<\/li>\n<li>Coronel de Marina Leonardo Rosales.<\/li>\n<li>Monte Hermoso.<\/li>\n<\/ul>\n<p>En ese sentido, las recomendaciones ante una alerta amarilla por vientos son:<\/p>\n<p>Evitar actividades al aire libre.<\/p>\n<p>Asegurar los elementos que puedan volarse.<\/p>\n<p>Mantenerse informado por autoridades.<\/p>\n<p><strong>Temperaturas extremas:<\/strong> Por otro lado, el SMN emiti\u00f3 una <strong>alerta meteorol\u00f3gica amarilla<\/strong> para este martes 23 de enero por <strong>temperaturas extremas<\/strong> en las siguientes localidades de la provincia de Buenos Aires:<\/p>\n<p>Las altas temperaturas de hoy se esperan en las siguientes zonas de la provincia de Buenos Aires: Bah\u00eda Blanca, Patagones, Villarino, Puan, Coronel Pringles, Coronel Su\u00e1rez, Coronel Rosales, Saavedra, Tornquist, Adolfo Gonzales Chaves, Lober\u00eda, Coronel Dorrego, Necochea, San Cayetano, Tres Arroyos.<\/p>\n<p>Seg\u00fan informa el SMN, las temperaturas pueden superar los 36 grados de m\u00e1xima en algunas localidades. Su color amarillo quiere decir que el efecto es leve a moderado en la salud: \u00abPueden ser peligrosas, sobre todo para los grupos de riesgo, como ni\u00f1os y ni\u00f1as, personas mayores de 65 a\u00f1os, con enfermedades cr\u00f3nicas\u00bb, sostienen.<\/p>\n<p>Protegerse de las elevadas temperaturas:<\/p>\n<p>Aumentar el consumo de agua sin esperar a tener sed para mantener una hidrataci\u00f3n adecuada.<\/p>\n<p>No exponerse al son el exceso, ni en horas centrales del d\u00eda, especialmente entre las 10:00 y las 16:00 horas.<\/p>\n<p>Prestar atenci\u00f3n a los beb\u00e9s, ni\u00f1os y ni\u00f1as y a las personas mayores.<\/p>\n<p>Evitar las bebidas con cafe\u00edna, alcohol o muy azucaradas.<\/p>\n<p>Evitar comidas muy abundantes.<\/p>\n<p>Ingerir verduras y frutas.<\/p>\n<p>Reducir la actividad f\u00edsica.<\/p>\n<p>Usar ropa ligera, holgada y colores claros, sombrero, anteojos oscuros.<\/p>\n<p>Permanecer en espacios ventilados o acondicionados. <strong>(VW)<\/strong><\/p>\n","protected":false},"excerpt":{"rendered":"<p>El SMN lanz\u00f3 una alerta amarilla para este martes por fuertes vientos en varias ciudades de la provincia de Buenos Aires. Tambi\u00e9n hay alerta meteorol\u00f3gica amarilla por temperaturas extremas.<\/p>\n","protected":false},"author":4,"featured_media":8584,"comment_status":"closed","ping_status":"closed","sticky":false,"template":"","format":"standard","meta":{"_monsterinsights_skip_tracking":false,"_monsterinsights_sitenote_active":false,"_monsterinsights_sitenote_note":"","_monsterinsights_sitenote_category":0,"footnotes":""},"categories":[8],"tags":[5566,751,1629],"class_list":["post-13386","post","type-post","status-publish","format-standard","has-post-thumbnail","hentry","category-interes-general","tag-alerta-amarilla-por-vientos","tag-provincia-de-buenos-aires","tag-smn"],"_links":{"self":[{"href":"https:\/\/www.visionweb.com.ar\/index.php?rest_route=\/wp\/v2\/posts\/13386","targetHints":{"allow":["GET"]}}],"collection":[{"href":"https:\/\/www.visionweb.com.ar\/index.php?rest_route=\/wp\/v2\/posts"}],"about":[{"href":"https:\/\/www.visionweb.com.ar\/index.php?rest_route=\/wp\/v2\/types\/post"}],"author":[{"embeddable":true,"href":"https:\/\/www.visionweb.com.ar\/index.php?rest_route=\/wp\/v2\/users\/4"}],"replies":[{"embeddable":true,"href":"https:\/\/www.visionweb.com.ar\/index.php?rest_route=%2Fwp%2Fv2%2Fcomments&post=13386"}],"version-history":[{"count":2,"href":"https:\/\/www.visionweb.com.ar\/index.php?rest_route=\/wp\/v2\/posts\/13386\/revisions"}],"predecessor-version":[{"id":13390,"href":"https:\/\/www.visionweb.com.ar\/index.php?rest_route=\/wp\/v2\/posts\/13386\/revisions\/13390"}],"wp:featuredmedia":[{"embeddable":true,"href":"https:\/\/www.visionweb.com.ar\/index.php?rest_route=\/wp\/v2\/media\/8584"}],"wp:attachment":[{"href":"https:\/\/www.visionweb.com.ar\/index.php?rest_route=%2Fwp%2Fv2%2Fmedia&parent=13386"}],"wp:term":[{"taxonomy":"category","embeddable":true,"href":"https:\/\/www.visionweb.com.ar\/index.php?rest_route=%2Fwp%2Fv2%2Fcategories&post=13386"},{"taxonomy":"post_tag","embeddable":true,"href":"https:\/\/www.visionweb.com.ar\/index.php?rest_route=%2Fwp%2Fv2%2Ftags&post=13386"}],"curies":[{"name":"wp","href":"https:\/\/api.w.org\/{rel}","templated":true}]}}