{"id":13385,"date":"2024-01-23T09:29:39","date_gmt":"2024-01-23T12:29:39","guid":{"rendered":"https:\/\/www.visionweb.com.ar\/?p=13385"},"modified":"2024-01-23T09:29:39","modified_gmt":"2024-01-23T12:29:39","slug":"supermercadistas-apoyan-los-cambios-que-pide-la-sociedad","status":"publish","type":"post","link":"https:\/\/www.visionweb.com.ar\/?p=13385","title":{"rendered":"Supermercadistas apoyan los cambios que pide la sociedad"},"content":{"rendered":"<p><em><strong>Los referentes de los supermercados calificaron a la iniciativa oficial como un proceso de cambios que la sociedad pide a sus dirigentes.<\/strong><\/em><!--more--><\/p>\n<p><img loading=\"lazy\" decoding=\"async\" class=\"size-medium wp-image-12925 alignright\" src=\"https:\/\/www.visionweb.com.ar\/wp-content\/uploads\/2023\/12\/PRECIOS-SUPERMERCADOS-300x200.png\" alt=\"\" width=\"300\" height=\"200\" srcset=\"https:\/\/www.visionweb.com.ar\/wp-content\/uploads\/2023\/12\/PRECIOS-SUPERMERCADOS-300x200.png 300w, https:\/\/www.visionweb.com.ar\/wp-content\/uploads\/2023\/12\/PRECIOS-SUPERMERCADOS.png 640w\" sizes=\"auto, (max-width: 300px) 100vw, 300px\" \/>A menos de dos meses del comienzo de gesti\u00f3n de un nuevo Gobierno, que asumi\u00f3 con el mandato de una amplia mayor\u00eda de llevar a cabo los cambios profundos\u00a0 que necesita la Argentina para salir del proceso de decadencia que atraviesa desde hace varias d\u00e9cadas, el supermercadismo nacional, expres\u00f3 su apoyo a las iniciativas impulsadas por el gobierno de Javier Milei.<\/p>\n<p>En un comunicado al que accedi\u00f3 Visi\u00f3nweb.com.ar, los representantes de la actividad, anunciaron su apoyo \u00abAl DNU emitido por el Gobierno Nacional, en general, y en particular, en lo referido a la reforma laboral, imprescindible para el normal desenvolvimiento de las empresas privadas, especialmente de las PyMEs, indiscutibles generadoras de inversi\u00f3n y creadoras de empleo\u00bb<\/p>\n<p>El documento esta firmado por Ricardo Zorz\u00f3n, presidente de la CAS (C\u00e1mara Argentina de Supermecados) y V\u00edctor Palpacelli, presidente de la FASA, (Federaci\u00f3n Argentina de Supermercados y Autoservicios)<\/p>\n<p>\u00abApoyamos la producci\u00f3n y el trabajo, por eso, <strong>m\u00e1s all\u00e1 de respetar el leg\u00edtimo derecho a huelga de los trabajadores, consideramos inoportuno el paro de actividades convocado para el pr\u00f3ximo 24 de enero<\/strong>. Entendemos que la forma de recomponer el salario (una necesidad urgente) es produciendo, invirtiendo y generando empleos formales, algo totalmente opuesto a lo que provoca un paro general\u00bb, dijeron.<\/p>\n<p>Ya es hora de que los argentinos trabajemos juntos, con objetivos comunes, privilegiando el bien de la Naci\u00f3n, m\u00e1s all\u00e1 de personalismos e intereses pol\u00edticos, sectoriales y\/o corporativos.<\/p>\n<p>\u00abAs\u00ed lo entendemos los S\u00faper Argentinos, por eso lanzamos el programa de Precios Diferenciados, con el fin de facilitar el consumo de bienes imprescindibles para los consumidores, en especial, los m\u00e1s necesitados\u00bb, dijeron.<\/p>\n<p>En ese sentido, los supermercadistas: \u00abApoyemos este proceso que reci\u00e9n comienza, sin dejar de lado las cr\u00edticas proactivas\u00bb.<\/p>\n<p>\u00abEs un proceso de cambios profundos, es lo que toda la sociedad le esta pidiendo a sus dirigentes, es nuestra responsabilidad llevarlo a cabo sin dilaciones\u00bb, cerraron.<strong>(VW)<\/strong><\/p>\n","protected":false},"excerpt":{"rendered":"<p>Los referentes de los supermercados calificaron a la iniciativa oficial como un proceso de cambios que la sociedad pide a sus dirigentes.<\/p>\n","protected":false},"author":3,"featured_media":12925,"comment_status":"closed","ping_status":"closed","sticky":false,"template":"","format":"standard","meta":{"_monsterinsights_skip_tracking":false,"_monsterinsights_sitenote_active":false,"_monsterinsights_sitenote_note":"","_monsterinsights_sitenote_category":0,"footnotes":""},"categories":[8],"tags":[5564,5565,252,32,365],"class_list":["post-13385","post","type-post","status-publish","format-standard","has-post-thumbnail","hentry","category-interes-general","tag-cas","tag-fasa","tag-paro","tag-pymes","tag-supermercados"],"_links":{"self":[{"href":"https:\/\/www.visionweb.com.ar\/index.php?rest_route=\/wp\/v2\/posts\/13385","targetHints":{"allow":["GET"]}}],"collection":[{"href":"https:\/\/www.visionweb.com.ar\/index.php?rest_route=\/wp\/v2\/posts"}],"about":[{"href":"https:\/\/www.visionweb.com.ar\/index.php?rest_route=\/wp\/v2\/types\/post"}],"author":[{"embeddable":true,"href":"https:\/\/www.visionweb.com.ar\/index.php?rest_route=\/wp\/v2\/users\/3"}],"replies":[{"embeddable":true,"href":"https:\/\/www.visionweb.com.ar\/index.php?rest_route=%2Fwp%2Fv2%2Fcomments&post=13385"}],"version-history":[{"count":1,"href":"https:\/\/www.visionweb.com.ar\/index.php?rest_route=\/wp\/v2\/posts\/13385\/revisions"}],"predecessor-version":[{"id":13387,"href":"https:\/\/www.visionweb.com.ar\/index.php?rest_route=\/wp\/v2\/posts\/13385\/revisions\/13387"}],"wp:featuredmedia":[{"embeddable":true,"href":"https:\/\/www.visionweb.com.ar\/index.php?rest_route=\/wp\/v2\/media\/12925"}],"wp:attachment":[{"href":"https:\/\/www.visionweb.com.ar\/index.php?rest_route=%2Fwp%2Fv2%2Fmedia&parent=13385"}],"wp:term":[{"taxonomy":"category","embeddable":true,"href":"https:\/\/www.visionweb.com.ar\/index.php?rest_route=%2Fwp%2Fv2%2Fcategories&post=13385"},{"taxonomy":"post_tag","embeddable":true,"href":"https:\/\/www.visionweb.com.ar\/index.php?rest_route=%2Fwp%2Fv2%2Ftags&post=13385"}],"curies":[{"name":"wp","href":"https:\/\/api.w.org\/{rel}","templated":true}]}}