{"id":13381,"date":"2024-01-22T09:40:21","date_gmt":"2024-01-22T12:40:21","guid":{"rendered":"https:\/\/www.visionweb.com.ar\/?p=13381"},"modified":"2024-01-22T09:40:21","modified_gmt":"2024-01-22T12:40:21","slug":"came-la-actividad-industrial-pyme-se-derrumbo-en-diciembre","status":"publish","type":"post","link":"https:\/\/www.visionweb.com.ar\/?p=13381","title":{"rendered":"CAME: La actividad industrial pyme se derrumb\u00f3 en diciembre"},"content":{"rendered":"<p><em><strong>El escenario que describen desde el sector es preocupante. La producci\u00f3n de la industria Pyme cay\u00f3 26% interanual en diciembre y cerr\u00f3 2023 con una baja del 2,6%. Met\u00e1licos y Madera fueron los sectores m\u00e1s afectados en el \u00faltimo mes del a\u00f1o.<\/strong><\/em><!--more--><\/p>\n<div id=\"attachment_13382\" style=\"width: 310px\" class=\"wp-caption alignright\"><img loading=\"lazy\" decoding=\"async\" aria-describedby=\"caption-attachment-13382\" class=\"wp-image-13382 size-medium\" src=\"https:\/\/www.visionweb.com.ar\/wp-content\/uploads\/2024\/01\/industrias-300x263.png\" alt=\"\" width=\"300\" height=\"263\" srcset=\"https:\/\/www.visionweb.com.ar\/wp-content\/uploads\/2024\/01\/industrias-300x263.png 300w, https:\/\/www.visionweb.com.ar\/wp-content\/uploads\/2024\/01\/industrias.png 458w\" sizes=\"auto, (max-width: 300px) 100vw, 300px\" \/><p id=\"caption-attachment-13382\" class=\"wp-caption-text\">Foto de internet<\/p><\/div>\n<p><strong>\u00a0\u00a0 L<\/strong>a Confederaci\u00f3n Argentina de la Mediana Empresa (<strong>CAME<\/strong>) public\u00f3 un nuevo relevamiento de la\u00a0<strong>actividad industrial pyme<\/strong>\u00a0correspondiente a diciembre de 2023, que registr\u00f3 una\u00a0<strong>importante ca\u00edda de 26,9%\u00a0<\/strong>respecto a igual mes del a\u00f1o anterior, y cerr\u00f3 el\u00a0<strong>2023 con una baja acumulada de 2,6%.<\/strong><\/p>\n<p>Seg\u00fan el informe de la CAME, que se realiz\u00f3 sobre la base de encuestas a 410 empresas de todo el pa\u00eds,\u00a0<strong>la producci\u00f3n de las pymes manufactureras baj\u00f3 en un 26,9 por ciento interanual en diciembre<\/strong>, medido a precios constantes, y<strong>\u00a0finaliz\u00f3 el 2023 con una ca\u00edda del 2,6%<\/strong>.<\/p>\n<p>Si se compara el nivel de actividad con noviembre, la baja fue del 31,7 por ciento. En t\u00e9rminos sectoriales,\u00a0<strong>el peor desempe\u00f1o se dio en Met\u00e1licos, maquinarias, equipos y material de transporte<\/strong>\u00a0que registr\u00f3 una ca\u00edda en su producci\u00f3n del 35,7% en comparaci\u00f3n con diciembre de 2022.<\/p>\n<p>El an\u00e1lisis indaga en los motivos detr\u00e1s de esta abrupta ca\u00edda que podr\u00eda terminar con despidos o, incluso, el cierre de las f\u00e1bricas. Desde la CAME indicaron que\u00a0<strong>\u00abla significativa depreciaci\u00f3n de la moneda, la escalada de la inflaci\u00f3n posterior a las elecciones y los cambios en las regulaciones de importaci\u00f3n\u00bb como factores fundamentales<\/strong>.<\/p>\n<p>Estas condiciones \u00abcrearon un\u00a0<strong>entorno marcado por la elevada incertidumbre y la disminuci\u00f3n del consumo<\/strong>, factores que obstaculizaron los niveles de producci\u00f3n en el conjunto del sector manufacturero\u00bb, detallaron.<\/p>\n<p>A esto le sumaron \u00ab<strong>per\u00edodos sin cotizaciones, con tasas elevadas de escasez de insumos<\/strong>, lo que llev\u00f3 a que numerosas empresas suspendieran operaciones durante algunos d\u00edas o adelantaran las vacaciones de su personal\u00bb. Finalmente, el \u00faltimo dato que explica la retracci\u00f3n de la actividad, seg\u00fan la CAME, es el \u00ab<strong>achicamiento de unidades de negocios frente a la expectativa de un futuro recesivo<\/strong>\u00ab.<\/p>\n<p><strong>Sector por sector:<\/strong><\/p>\n<p><strong>Alimentos y bebidas: <\/strong>La producci\u00f3n baj\u00f3 15,2% anual a precios constantes en diciembre, pero cerr\u00f3 el a\u00f1o con un alza de 2,9%. En la variaci\u00f3n mensual se retrajo 21,4%. En el \u00faltimo mes de 2023 las industrias operaron con 75,8% de su capacidad instalada, por encima de noviembre (72,7%).<\/p>\n<p><strong>Indumentaria y textil: <\/strong>La producci\u00f3n se retrajo 10,2% anual a precios constantes en diciembre, acumulando un incremento del 3,3% en el a\u00f1o. En t\u00e9rminos mensuales la actividad present\u00f3 una disminuci\u00f3n de 20,4%. A\u00fan as\u00ed, las industrias operaron al 75,1% de su capacidad instalada, superando la cifra registrada en noviembre, que fue del 74,4%.<\/p>\n<p><strong>Maderas y muebles:<\/strong>La producci\u00f3n baj\u00f3 34,4% anual a precios constantes en diciembre, y finaliz\u00f3 2023 con una ca\u00edda de 2,4%. En t\u00e9rminos mensuales, la actividad merm\u00f3 36%. Durante el mes, las industrias operaron al 71,6% de su capacidad instalada, muy por debajo de noviembre (76,3%).<\/p>\n<p><strong>Met\u00e1licos, maquinarias, equipos y material de transporte: <\/strong>En diciembre la producci\u00f3n tuvo una contracci\u00f3n anual de 35,7% a precios constantes, acumulando una disminuci\u00f3n de 4,3% en el a\u00f1o. Fue el sector con mayor ca\u00edda anual. En la comparaci\u00f3n mensual, se registr\u00f3 una baja de 34,5%. Las industrias operaron al 70,8% de su capacidad instalada, por debajo del 71,8% de noviembre.<\/p>\n<p><strong>Productos qu\u00edmicos y pl\u00e1sticos: <\/strong>La producci\u00f3n experiment\u00f3 una significativa contracci\u00f3n del 32,9% anual en diciembre, a precios constantes, acumulando una disminuci\u00f3n del 5,5% en los doce meses del a\u00f1o. En la comparaci\u00f3n mensual, se observ\u00f3 una retracci\u00f3n del 27,4%. Durante este mes, las industrias operaron a un 70,6% de su capacidad instalada, por debajo del 72,6% de noviembre.<\/p>\n<p><strong>Papel, cart\u00f3n, edici\u00f3n e impresi\u00f3n: <\/strong>La producci\u00f3n sufri\u00f3 una pronunciada disminuci\u00f3n del 32,7% interanual en diciembre, a precios constantes, acumulando una significativa ca\u00edda del 16,7% a lo largo de 2023. En t\u00e9rminos mensuales, se registr\u00f3 una retracci\u00f3n del 22,7%. El sector oper\u00f3 al 76,7% de su capacidad instalada (comparado con el 80% en noviembre). <strong>(VW)<\/strong><\/p>\n","protected":false},"excerpt":{"rendered":"<p>El escenario que describen desde el sector es preocupante. La producci\u00f3n de la industria Pyme cay\u00f3 26% interanual en diciembre y cerr\u00f3 2023 con una baja del 2,6%. Met\u00e1licos y Madera fueron los sectores&#46;&#46;&#46;<\/p>\n","protected":false},"author":4,"featured_media":13382,"comment_status":"closed","ping_status":"closed","sticky":false,"template":"","format":"standard","meta":{"_monsterinsights_skip_tracking":false,"_monsterinsights_sitenote_active":false,"_monsterinsights_sitenote_note":"","_monsterinsights_sitenote_category":0,"footnotes":""},"categories":[6],"tags":[309,5562,5563],"class_list":["post-13381","post","type-post","status-publish","format-standard","has-post-thumbnail","hentry","category-economia","tag-came","tag-cayo-la-industria-pyme","tag-diciembre-2023"],"_links":{"self":[{"href":"https:\/\/www.visionweb.com.ar\/index.php?rest_route=\/wp\/v2\/posts\/13381","targetHints":{"allow":["GET"]}}],"collection":[{"href":"https:\/\/www.visionweb.com.ar\/index.php?rest_route=\/wp\/v2\/posts"}],"about":[{"href":"https:\/\/www.visionweb.com.ar\/index.php?rest_route=\/wp\/v2\/types\/post"}],"author":[{"embeddable":true,"href":"https:\/\/www.visionweb.com.ar\/index.php?rest_route=\/wp\/v2\/users\/4"}],"replies":[{"embeddable":true,"href":"https:\/\/www.visionweb.com.ar\/index.php?rest_route=%2Fwp%2Fv2%2Fcomments&post=13381"}],"version-history":[{"count":1,"href":"https:\/\/www.visionweb.com.ar\/index.php?rest_route=\/wp\/v2\/posts\/13381\/revisions"}],"predecessor-version":[{"id":13383,"href":"https:\/\/www.visionweb.com.ar\/index.php?rest_route=\/wp\/v2\/posts\/13381\/revisions\/13383"}],"wp:featuredmedia":[{"embeddable":true,"href":"https:\/\/www.visionweb.com.ar\/index.php?rest_route=\/wp\/v2\/media\/13382"}],"wp:attachment":[{"href":"https:\/\/www.visionweb.com.ar\/index.php?rest_route=%2Fwp%2Fv2%2Fmedia&parent=13381"}],"wp:term":[{"taxonomy":"category","embeddable":true,"href":"https:\/\/www.visionweb.com.ar\/index.php?rest_route=%2Fwp%2Fv2%2Fcategories&post=13381"},{"taxonomy":"post_tag","embeddable":true,"href":"https:\/\/www.visionweb.com.ar\/index.php?rest_route=%2Fwp%2Fv2%2Ftags&post=13381"}],"curies":[{"name":"wp","href":"https:\/\/api.w.org\/{rel}","templated":true}]}}