{"id":13378,"date":"2024-01-22T09:10:24","date_gmt":"2024-01-22T12:10:24","guid":{"rendered":"https:\/\/www.visionweb.com.ar\/?p=13378"},"modified":"2024-01-22T10:56:42","modified_gmt":"2024-01-22T13:56:42","slug":"audiencia-publica-por-aumento-de-peajes-en-eruta-bonaerenses","status":"publish","type":"post","link":"https:\/\/www.visionweb.com.ar\/?p=13378","title":{"rendered":"Audiencia p\u00fablica por aumento de peajes en rutas bonaerenses"},"content":{"rendered":"<p><strong><em>Ser\u00e1 el viernes pr\u00f3ximo en el auditorio del Ministerio de Infraestructura a las 10 y a las 12. La sede provincial se encuentra ubicada en 7 entre\u00a0 58 Y 59, La Plata.<\/em><\/strong><!--more--><\/p>\n<p><img loading=\"lazy\" decoding=\"async\" class=\"size-medium wp-image-12086 alignleft\" src=\"https:\/\/www.visionweb.com.ar\/wp-content\/uploads\/2023\/10\/peajes-300x174.png\" alt=\"\" width=\"300\" height=\"174\" srcset=\"https:\/\/www.visionweb.com.ar\/wp-content\/uploads\/2023\/10\/peajes-300x174.png 300w, https:\/\/www.visionweb.com.ar\/wp-content\/uploads\/2023\/10\/peajes.png 454w\" sizes=\"auto, (max-width: 300px) 100vw, 300px\" \/>El Ministerio de Infraestructura bonaerense convoc\u00f3 una\u00a0<strong>audiencia p\u00fablica<\/strong>\u00a0con el prop\u00f3sito de \u201cinformar de manera adecuada y veraz, y\u00a0<strong>someter a la participaci\u00f3n ciudadana, las propuestas de variaciones de precios\u201d.<\/strong><\/p>\n<p><strong>La medida regir\u00e1 en los peajes de la Autopista Buenos Aires-La Plata (Aubasa) y del Sistema Vial Integrado del Atl\u00e1ntico (SVIA), que abarca las rutas 2, 11, 36, 56, 63 y 74.<\/strong><\/p>\n<p>Las resoluciones 74 y 75, publicadas hoy en el Bolet\u00edn Oficial de la provincia, establecen que la audiencia\u00a0<strong>se llevar\u00e1 a cabo el pr\u00f3ximo viernes a las 10 y a las 12 en el sal\u00f3n Auditorio del Ministerio de Infraestructura, ubicado en la calle 7 entre 58 y 59 de la ciudad de La Plata.<\/strong><\/p>\n<p>Simult\u00e1neamente, se convoc\u00f3 a la empresa concesionaria, Autopistas de Buenos Aires S.A. (Aubasa), \u201cpara que exponga los fundamentos t\u00e9cnicos, econ\u00f3micos, financieros y jur\u00eddicos de la propuesta de adecuaci\u00f3n de tarifas, <strong>considerando la incidencia de los \u00edndices de variaciones de precios sobre su modelo econ\u00f3mico\u201d.<\/strong><\/p>\n<p>La audiencia p\u00fablica\u00a0<strong>ser\u00e1 presidida por el subsecretario de Obras P\u00fablicas, Carlos Augusto Rodr\u00edguez, y se invit\u00f3 a participar al defensor del Pueblo de la provincia de Buenos Aires, Guido Lorenzino.<\/strong><\/p>\n<p>En los fundamentos de la medida, se especific\u00f3 que el concesionario \u201cha presentado ante la Autoridad de Aplicaci\u00f3n una propuesta de adecuaci\u00f3n de tarifas por incidencia de los \u00edndices de variaciones de precios sobre su modelo econ\u00f3mico\u201d.<\/p>\n<p>Se enfatiz\u00f3 que \u201cla convocatoria y realizaci\u00f3n de esta Audiencia P\u00fablica tender\u00e1 a que todas las y los usuarios de la Autopista puedan participar y ser debidamente informados de manera adecuada y veraz de la propuesta de adecuaci\u00f3n tarifaria por variaciones de precios formulada\u201d por la empresa \u201cconforme a las mandas constitucionales y del derecho consumista\u201d<strong>(VW)<\/strong>.<\/p>\n","protected":false},"excerpt":{"rendered":"<p>Ser\u00e1 el viernes pr\u00f3ximo en el auditorio del Ministerio de Infraestructura a las 10 y a las 12. La sede provincial se encuentra ubicada en 7 entre\u00a0 58 Y 59, La Plata.<\/p>\n","protected":false},"author":3,"featured_media":8447,"comment_status":"closed","ping_status":"closed","sticky":false,"template":"","format":"standard","meta":{"_monsterinsights_skip_tracking":false,"_monsterinsights_sitenote_active":false,"_monsterinsights_sitenote_note":"","_monsterinsights_sitenote_category":0,"footnotes":""},"categories":[8],"tags":[5561,141,2431],"class_list":["post-13378","post","type-post","status-publish","format-standard","has-post-thumbnail","hentry","category-interes-general","tag-audiencias","tag-aumentos","tag-peajes"],"_links":{"self":[{"href":"https:\/\/www.visionweb.com.ar\/index.php?rest_route=\/wp\/v2\/posts\/13378","targetHints":{"allow":["GET"]}}],"collection":[{"href":"https:\/\/www.visionweb.com.ar\/index.php?rest_route=\/wp\/v2\/posts"}],"about":[{"href":"https:\/\/www.visionweb.com.ar\/index.php?rest_route=\/wp\/v2\/types\/post"}],"author":[{"embeddable":true,"href":"https:\/\/www.visionweb.com.ar\/index.php?rest_route=\/wp\/v2\/users\/3"}],"replies":[{"embeddable":true,"href":"https:\/\/www.visionweb.com.ar\/index.php?rest_route=%2Fwp%2Fv2%2Fcomments&post=13378"}],"version-history":[{"count":2,"href":"https:\/\/www.visionweb.com.ar\/index.php?rest_route=\/wp\/v2\/posts\/13378\/revisions"}],"predecessor-version":[{"id":13384,"href":"https:\/\/www.visionweb.com.ar\/index.php?rest_route=\/wp\/v2\/posts\/13378\/revisions\/13384"}],"wp:featuredmedia":[{"embeddable":true,"href":"https:\/\/www.visionweb.com.ar\/index.php?rest_route=\/wp\/v2\/media\/8447"}],"wp:attachment":[{"href":"https:\/\/www.visionweb.com.ar\/index.php?rest_route=%2Fwp%2Fv2%2Fmedia&parent=13378"}],"wp:term":[{"taxonomy":"category","embeddable":true,"href":"https:\/\/www.visionweb.com.ar\/index.php?rest_route=%2Fwp%2Fv2%2Fcategories&post=13378"},{"taxonomy":"post_tag","embeddable":true,"href":"https:\/\/www.visionweb.com.ar\/index.php?rest_route=%2Fwp%2Fv2%2Ftags&post=13378"}],"curies":[{"name":"wp","href":"https:\/\/api.w.org\/{rel}","templated":true}]}}