{"id":13369,"date":"2024-01-19T09:25:37","date_gmt":"2024-01-19T12:25:37","guid":{"rendered":"https:\/\/www.visionweb.com.ar\/?p=13369"},"modified":"2024-01-19T09:25:37","modified_gmt":"2024-01-19T12:25:37","slug":"la-uta-amenaza-con-un-paro-ante-el-fracaso-de-la-paritaria","status":"publish","type":"post","link":"https:\/\/www.visionweb.com.ar\/?p=13369","title":{"rendered":"La UTA amenaza con un paro ante el fracaso de la paritaria"},"content":{"rendered":"<p><em><strong>El gremio de colectiveros continuar\u00e1 en alerta. Habr\u00e1 una audiencia el pr\u00f3ximo martes, y se adhiere al paro general de la CGT del mi\u00e9rcoles 24.<\/strong><\/em><!--more--><\/p>\n<p><strong><img loading=\"lazy\" decoding=\"async\" class=\"size-medium wp-image-9729 alignright\" src=\"https:\/\/www.visionweb.com.ar\/wp-content\/uploads\/2023\/02\/COLECTIVOS-300x162.png\" alt=\"\" width=\"300\" height=\"162\" srcset=\"https:\/\/www.visionweb.com.ar\/wp-content\/uploads\/2023\/02\/COLECTIVOS-300x162.png 300w, https:\/\/www.visionweb.com.ar\/wp-content\/uploads\/2023\/02\/COLECTIVOS.png 640w\" sizes=\"auto, (max-width: 300px) 100vw, 300px\" \/>\u00a0\u00a0 L<\/strong>a<strong> Uni\u00f3n Tranviarios Automotor (UTA) declar\u00f3 el estado de alerta hasta la pr\u00f3xima audiencia,\u00a0<\/strong>que mantendr\u00e1n con la Secretar\u00eda de Trabajo y las c\u00e1maras el martes 23 de enero, con peligro de un posible paro de colectivos en caso de que no acordar.<\/p>\n<p>Los empresarios manifestaron la\u00a0<strong>incapacidad de solventar los costos ante la falta de garant\u00edas por parte de Naci\u00f3n y los gobiernos de la provincia de Buenos Aires y Ciudad,\u00a0<\/strong>con respecto al env\u00edo de fondos compensatorios \u201cnecesarios\u201d para cubrir la actualizaci\u00f3n salarial.<\/p>\n<p>En tanto, la UTA se\u00f1al\u00f3 que\u00a0<strong>no se involucrar\u00e1 en conflictos entre el Estado y las empresas\u00a0<\/strong>y a su vez, advirti\u00f3 que <strong>la situaci\u00f3n coloca a los trabajadores \u201ca las puertas de un conflicto por salarios\u201d<\/strong>.<\/p>\n<p>El Gobierno defini\u00f3 una nueva audiencia para el pr\u00f3ximo 23 de enero, un d\u00eda antes del paro general de la CGT que contar\u00e1 con la participaci\u00f3n del gremio que nuclea a los choferes de colectivos.<\/p>\n<p>As\u00ed, el<strong> desenlace de esta negociaci\u00f3n ser\u00e1 clave para evitar un posible paro en los servicios de transporte en el AMBA<\/strong>.<\/p>\n<p><strong>El reclamo:<\/strong> Frente a la inflaci\u00f3n r\u00e9cord que super\u00f3 el 25% en diciembre,\u00a0<strong>los choferes de colectivos que nuclea la a UTA reclaman una actualizaci\u00f3n salarial del 27% en enero y del 33% en febrero.<\/strong><\/p>\n<p>Adem\u00e1s, solicitan alcanzar una recomposici\u00f3n del <strong>22% para los salarios acordados para diciembre de 2023,<\/strong>\u00a0como piso a cuenta de los incrementos de enero.<\/p>\n<p>La \u00faltima actualizaci\u00f3n salarial acordada por el sindicato,\u00a0<strong>el sueldo para los choferes de corta y media distancia pas\u00f3 de $514.000 pesos en octubre a los $611.000 en diciembre<\/strong>.<\/p>\n<p>\u201cLo venimos advirtiendo, si no alcanzamos un acuerdo paritario que reconozca el grave deterioro que vienen sufriendo los salarios de los trabajadores por el mes de diciembre y lo que se estima como proyecci\u00f3n para los dos primeros meses de este a\u00f1o en curso,\u00a0<strong>nos llevar\u00e1n a realizar medidas de fuerza para defender el poder adquisitivo\u00a0<\/strong>de los salarios\u201d, comunicaron desde la UTA.<\/p>\n<p>Mientras tanto,\u00a0<strong>la UTA se adhiri\u00f3 al paro general de la CGT y dejar\u00e1 de brindar servicios en todo el pa\u00eds el mi\u00e9rcoles 24 desde las 19 hasta las 00<\/strong>.<\/p>\n<p>Los aumentos: El 15 de enero, los cuadros tarifarios de los colectivos y trenes en el Ciudad y Gran Buenos Aires subieron y\u00a0<strong>volver\u00e1n a ser actualizados todos los meses de acuerdo a la inflaci\u00f3n del Gran Buenos Aires\u00a0<\/strong>(IPC-GBA) que informa el mes anterior INDEC.<\/p>\n<p>El IPC de diciembre en GBA fue del 25,1%, por lo que, ser\u00eda el porcentaje de incremento en los boletos de los colectivos y trenes del AMBA desde el 1 de febrero.\u00a0<strong>Si se toman los valores que rigen hoy, la tarifa m\u00ednima de colectivo pasar\u00eda de $76,92 a $96,22.\u00a0<\/strong>En tanto, para los ferrocarriles urbanos llegar\u00eda $60,52. <strong>(VW)<\/strong><\/p>\n","protected":false},"excerpt":{"rendered":"<p>El gremio de colectiveros continuar\u00e1 en alerta. Habr\u00e1 una audiencia el pr\u00f3ximo martes, y se adhiere al paro general de la CGT del mi\u00e9rcoles 24.<\/p>\n","protected":false},"author":4,"featured_media":9729,"comment_status":"closed","ping_status":"closed","sticky":false,"template":"","format":"standard","meta":{"_monsterinsights_skip_tracking":false,"_monsterinsights_sitenote_active":false,"_monsterinsights_sitenote_note":"","_monsterinsights_sitenote_category":0,"footnotes":""},"categories":[4],"tags":[5552,705,158,2697],"class_list":["post-13369","post","type-post","status-publish","format-standard","has-post-thumbnail","hentry","category-politica","tag-amenaza-de-paro","tag-colectivos","tag-paritarias","tag-uta"],"_links":{"self":[{"href":"https:\/\/www.visionweb.com.ar\/index.php?rest_route=\/wp\/v2\/posts\/13369","targetHints":{"allow":["GET"]}}],"collection":[{"href":"https:\/\/www.visionweb.com.ar\/index.php?rest_route=\/wp\/v2\/posts"}],"about":[{"href":"https:\/\/www.visionweb.com.ar\/index.php?rest_route=\/wp\/v2\/types\/post"}],"author":[{"embeddable":true,"href":"https:\/\/www.visionweb.com.ar\/index.php?rest_route=\/wp\/v2\/users\/4"}],"replies":[{"embeddable":true,"href":"https:\/\/www.visionweb.com.ar\/index.php?rest_route=%2Fwp%2Fv2%2Fcomments&post=13369"}],"version-history":[{"count":1,"href":"https:\/\/www.visionweb.com.ar\/index.php?rest_route=\/wp\/v2\/posts\/13369\/revisions"}],"predecessor-version":[{"id":13370,"href":"https:\/\/www.visionweb.com.ar\/index.php?rest_route=\/wp\/v2\/posts\/13369\/revisions\/13370"}],"wp:featuredmedia":[{"embeddable":true,"href":"https:\/\/www.visionweb.com.ar\/index.php?rest_route=\/wp\/v2\/media\/9729"}],"wp:attachment":[{"href":"https:\/\/www.visionweb.com.ar\/index.php?rest_route=%2Fwp%2Fv2%2Fmedia&parent=13369"}],"wp:term":[{"taxonomy":"category","embeddable":true,"href":"https:\/\/www.visionweb.com.ar\/index.php?rest_route=%2Fwp%2Fv2%2Fcategories&post=13369"},{"taxonomy":"post_tag","embeddable":true,"href":"https:\/\/www.visionweb.com.ar\/index.php?rest_route=%2Fwp%2Fv2%2Ftags&post=13369"}],"curies":[{"name":"wp","href":"https:\/\/api.w.org\/{rel}","templated":true}]}}