{"id":13359,"date":"2024-01-19T08:57:18","date_gmt":"2024-01-19T11:57:18","guid":{"rendered":"https:\/\/www.visionweb.com.ar\/?p=13359"},"modified":"2024-01-18T22:59:16","modified_gmt":"2024-01-19T01:59:16","slug":"ferrarese-convoca-a-un-avellanedazo-contra-el-dnu-de-milei","status":"publish","type":"post","link":"https:\/\/www.visionweb.com.ar\/?p=13359","title":{"rendered":"Ferrarese convoca a un \u00abAvellanedazo\u00bb contra el DNU de Milei"},"content":{"rendered":"<p><em><strong>El \u00abAvellanedazo\u00bb tendr\u00e1 como consigna \u201cla uni\u00f3n y compromiso de las y los ciudadanos es indispensable para frenar este atropello a la patria\u201d.<\/strong><\/em><\/p>\n<p><!--more--><\/p>\n<p><strong><img loading=\"lazy\" decoding=\"async\" class=\"size-medium wp-image-13361 alignright\" src=\"https:\/\/www.visionweb.com.ar\/wp-content\/uploads\/2024\/01\/FERRARESI-1-300x199.png\" alt=\"\" width=\"300\" height=\"199\" srcset=\"https:\/\/www.visionweb.com.ar\/wp-content\/uploads\/2024\/01\/FERRARESI-1-300x199.png 300w, https:\/\/www.visionweb.com.ar\/wp-content\/uploads\/2024\/01\/FERRARESI-1.png 512w\" sizes=\"auto, (max-width: 300px) 100vw, 300px\" \/>U<\/strong>na multisectorial en contra el el DNU y la Ley \u00d3mnibus impulsados por el gobierno de Javier Milei convoc\u00f3 a un \u201cAvellanedazo\u201d para este <strong>s\u00e1bado a las 18 en Av. Mitre y Las Flores desde donde planean marchar hasta Plaza Alsina.<\/strong><\/p>\n<p>En el acto que se realiz\u00f3 este mi\u00e9rcoles los referentes de diferentes organizaciones sociales, expresaron sus puntos contra el plan de gobierno nacional, el DNU considerado inconstitucional y la Ley \u00d3mnibus.<\/p>\n<p>La convocatoria se realiz\u00f3 en el marco de un\u00a0<strong>encuentro de organizaciones sociales y pol\u00edticas que responden el intendente de Avellaneda, Jorge Ferraresi, <\/strong>que tuvo lugar en el anfiteatro municipal del<strong> Parque Dom\u00ednico <\/strong>donde se reunieron referentes de las 15 mesas de ese distrito.<\/p>\n<p>El \u201cAvellanedazo\u201d tendr\u00e1 como consigna\u00a0<strong>\u201cla uni\u00f3n y compromiso de las y los ciudadanos es indispensable para frenar este atropello a la Patria\u201d.<\/strong><\/p>\n<p>Adem\u00e1s, adelantaron que\u00a0<strong>se sumar\u00e1n al paro y marcha convocados por la CGT\u00a0<\/strong>para el mi\u00e9rcoles 24 de enero.<\/p>\n<p>\u201cConstruir un movimiento social que\u00a0<strong>se oponga a los retrocesos que nos impone el gobierno nacional\u00a0<\/strong>es la \u00fanica salida\u201d, indic\u00f3 Ferraresi<\/p>\n<p>La semana pasada se realiz\u00f3 una jornada de debate en el Cine Teatro Wilde, con la participaci\u00f3n de CGT, CTA de los Trabajadores y Aut\u00f3noma; UTEP; de la UTN y la Undav; economistas del Foro Econom\u00eda y Trabajo; asociaciones pymes y del cooperativismo; comerciantes y gastron\u00f3micos, afectados por las pol\u00edticas de ajuste de <strong>Javier Milei<\/strong>.<\/p>\n<p>El intendente de Avellaneda,<strong>\u00a0Jorge Ferraresi<\/strong>, manifest\u00f3 que \u00ablas medidas tomadas por el Gobierno nacional buscan destruir gran parte del entramado socio productivo y los trabajadores y trabajadoras son los principales afectados\u00bb.\u00a0<strong>(VW)<\/strong><\/p>\n","protected":false},"excerpt":{"rendered":"<p>El \u00abAvellanedazo\u00bb tendr\u00e1 como consigna \u201cla uni\u00f3n y compromiso de las y los ciudadanos es indispensable para frenar este atropello a la patria\u201d.<\/p>\n","protected":false},"author":3,"featured_media":13361,"comment_status":"closed","ping_status":"closed","sticky":false,"template":"","format":"standard","meta":{"_monsterinsights_skip_tracking":false,"_monsterinsights_sitenote_active":false,"_monsterinsights_sitenote_note":"","_monsterinsights_sitenote_category":0,"footnotes":""},"categories":[4],"tags":[676,84,516,5548],"class_list":["post-13359","post","type-post","status-publish","format-standard","has-post-thumbnail","hentry","category-politica","tag-dnu","tag-ferraresi","tag-marcha","tag-multisectorial"],"_links":{"self":[{"href":"https:\/\/www.visionweb.com.ar\/index.php?rest_route=\/wp\/v2\/posts\/13359","targetHints":{"allow":["GET"]}}],"collection":[{"href":"https:\/\/www.visionweb.com.ar\/index.php?rest_route=\/wp\/v2\/posts"}],"about":[{"href":"https:\/\/www.visionweb.com.ar\/index.php?rest_route=\/wp\/v2\/types\/post"}],"author":[{"embeddable":true,"href":"https:\/\/www.visionweb.com.ar\/index.php?rest_route=\/wp\/v2\/users\/3"}],"replies":[{"embeddable":true,"href":"https:\/\/www.visionweb.com.ar\/index.php?rest_route=%2Fwp%2Fv2%2Fcomments&post=13359"}],"version-history":[{"count":1,"href":"https:\/\/www.visionweb.com.ar\/index.php?rest_route=\/wp\/v2\/posts\/13359\/revisions"}],"predecessor-version":[{"id":13362,"href":"https:\/\/www.visionweb.com.ar\/index.php?rest_route=\/wp\/v2\/posts\/13359\/revisions\/13362"}],"wp:featuredmedia":[{"embeddable":true,"href":"https:\/\/www.visionweb.com.ar\/index.php?rest_route=\/wp\/v2\/media\/13361"}],"wp:attachment":[{"href":"https:\/\/www.visionweb.com.ar\/index.php?rest_route=%2Fwp%2Fv2%2Fmedia&parent=13359"}],"wp:term":[{"taxonomy":"category","embeddable":true,"href":"https:\/\/www.visionweb.com.ar\/index.php?rest_route=%2Fwp%2Fv2%2Fcategories&post=13359"},{"taxonomy":"post_tag","embeddable":true,"href":"https:\/\/www.visionweb.com.ar\/index.php?rest_route=%2Fwp%2Fv2%2Ftags&post=13359"}],"curies":[{"name":"wp","href":"https:\/\/api.w.org\/{rel}","templated":true}]}}