{"id":13355,"date":"2024-01-19T08:25:27","date_gmt":"2024-01-19T11:25:27","guid":{"rendered":"https:\/\/www.visionweb.com.ar\/?p=13355"},"modified":"2024-01-18T22:27:55","modified_gmt":"2024-01-19T01:27:55","slug":"turismo-por-la-crisis-cambia-la-tendencia","status":"publish","type":"post","link":"https:\/\/www.visionweb.com.ar\/?p=13355","title":{"rendered":"Turismo: Por la crisis cambia la tendencia"},"content":{"rendered":"<p><strong><em>Desde varias regiones de la costa atl\u00e1ntica advirtieron que el turismo cay\u00f3 notoriamente, pero se fortalece los fines de semana.<\/em><\/strong><!--more--><\/p>\n<p><img loading=\"lazy\" decoding=\"async\" class=\"size-medium wp-image-428\" src=\"https:\/\/www.visionweb.com.ar\/wp-content\/uploads\/2020\/11\/HABILITAN-EL-TURISMO-DE-VERANO-300x225.jpg\" alt=\"\" width=\"300\" height=\"225\" srcset=\"https:\/\/www.visionweb.com.ar\/wp-content\/uploads\/2020\/11\/HABILITAN-EL-TURISMO-DE-VERANO-300x225.jpg 300w, https:\/\/www.visionweb.com.ar\/wp-content\/uploads\/2020\/11\/HABILITAN-EL-TURISMO-DE-VERANO-768x576.jpg 768w, https:\/\/www.visionweb.com.ar\/wp-content\/uploads\/2020\/11\/HABILITAN-EL-TURISMO-DE-VERANO-320x240.jpg 320w, https:\/\/www.visionweb.com.ar\/wp-content\/uploads\/2020\/11\/HABILITAN-EL-TURISMO-DE-VERANO.jpg 800w\" sizes=\"auto, (max-width: 300px) 100vw, 300px\" \/><\/p>\n<p>Autoridades del sector tur\u00edstico de localidades de la costa bonaerense admitieron \u201cuna merma\u201d de visitantes respecto a a\u00f1os anteriores en un \u00a0verano \u201cat\u00edpico\u201d.<\/p>\n<p><strong>La tendencia es viajar los fines de semana<\/strong>.<\/p>\n<p>Consultados por T\u00e9lam, funcionarios de Pinamar, del partido de La Costa, Necochea, Mar del Plata y General Alvarado coincidieron en que los picos m\u00e1s importantes de afluencia tur\u00edstica se dan durante los fines de semana.<\/p>\n<p>El director de Turismo de\u00a0<strong>Pinamar<\/strong>, Pablo Rodr\u00edguez, explic\u00f3 que la comuna \u201crelev\u00f3 un 84% de ocupaci\u00f3n hotelera para esta primera quincena de enero\u201d, pero es del 96 en Caril\u00f3, del 86 en Ostende, 81 en Valeria del Mar y apenas 76 en Pinamar.<\/p>\n<p>El secretario de Turismo del partido de\u00a0<strong>la Costa<\/strong>, Guillermo Favale, afirm\u00f3 \u201cla temporada es de regular a buena, y est\u00e1 cumpliendo con las expectativas\u201d.<\/p>\n<p>\u201cPor ejemplo, en la hoteler\u00eda,\u00a0<strong>si hacemos la medici\u00f3n actual en la \u00faltima semana tuvo una ocupaci\u00f3n del 53%. Si la comparamos con el a\u00f1o anterior, estamos hablando de la primera semana de enero era del 91%, por lo que tenemos una merma del 38%<\/strong>\u201c, detall\u00f3.<\/p>\n<p>En el caso de\u00a0<strong>Mar del Plata<\/strong>, el director del Ente Municipal de Turismo y Cultura, Bernardo Martin, dijo que \u201cfueron en total 666.083 las personas que eligieron la ciudad en la primera quincena del a\u00f1o\u201d. \u201cLa cifra representa un\u00a0<strong>5,7 por ciento menos que el arranque de enero en 2023<\/strong>\u201c, apunt\u00f3.<\/p>\n<p>Asimismo, el secretario de Turismo de\u00a0<strong>General Alvarado<\/strong>, Alejandro Frezzia, sostuvo que la ocupaci\u00f3n fue del 72% en la primera quincena. \u201cDebido a la\u00a0<a href=\"https:\/\/www.inforegion.com.ar\/2024\/01\/15\/indec-una-familia-necesito-casi-500-000-en-diciembre-para-no-caer-en-la-pobreza\/\">situaci\u00f3n econ\u00f3mica<\/a>\u00a0de la Argentina\u00a0<strong>los comercios tienen una merma en sus ventas que va del 25 % al 40%<\/strong>\u201d, ampli\u00f3.<\/p>\n<p>\u201cEn esta segunda quincena ya contamos con una mejor ocupaci\u00f3n del 75% con picos los fines de semana del 90% ya que la gente elije venir de viernes a domingo y as\u00ed pasar unos d\u00edas de vacaciones en el contexto socioecon\u00f3mico que estaos viviendo,\u201c remarc\u00f3.<\/p>\n<p>El secretario de Turismo de\u00a0<strong>Necochea<\/strong>, Mat\u00edas Sierra, dijo que \u201c<strong>es una temporada especial y at\u00edpica<\/strong> donde las medidas tomadas en Naci\u00f3n no ayudaron mucho\u201d. \u201cHemos pasado de ocupaciones del 90 a 95 por ciento en a\u00f1os anteriores a tener hoy entre el 70 a 75 por ciento\u201d, agreg\u00f3.<strong>(VW)<\/strong><\/p>\n","protected":false},"excerpt":{"rendered":"<p>Desde varias regiones de la costa atl\u00e1ntica advirtieron que el turismo cay\u00f3 notoriamente, pero se fortalece los fines de semana.<\/p>\n","protected":false},"author":3,"featured_media":428,"comment_status":"closed","ping_status":"closed","sticky":false,"template":"","format":"standard","meta":{"_monsterinsights_skip_tracking":false,"_monsterinsights_sitenote_active":false,"_monsterinsights_sitenote_note":"","_monsterinsights_sitenote_category":0,"footnotes":""},"categories":[700],"tags":[],"class_list":["post-13355","post","type-post","status-publish","format-standard","has-post-thumbnail","hentry","category-turismo"],"_links":{"self":[{"href":"https:\/\/www.visionweb.com.ar\/index.php?rest_route=\/wp\/v2\/posts\/13355","targetHints":{"allow":["GET"]}}],"collection":[{"href":"https:\/\/www.visionweb.com.ar\/index.php?rest_route=\/wp\/v2\/posts"}],"about":[{"href":"https:\/\/www.visionweb.com.ar\/index.php?rest_route=\/wp\/v2\/types\/post"}],"author":[{"embeddable":true,"href":"https:\/\/www.visionweb.com.ar\/index.php?rest_route=\/wp\/v2\/users\/3"}],"replies":[{"embeddable":true,"href":"https:\/\/www.visionweb.com.ar\/index.php?rest_route=%2Fwp%2Fv2%2Fcomments&post=13355"}],"version-history":[{"count":1,"href":"https:\/\/www.visionweb.com.ar\/index.php?rest_route=\/wp\/v2\/posts\/13355\/revisions"}],"predecessor-version":[{"id":13357,"href":"https:\/\/www.visionweb.com.ar\/index.php?rest_route=\/wp\/v2\/posts\/13355\/revisions\/13357"}],"wp:featuredmedia":[{"embeddable":true,"href":"https:\/\/www.visionweb.com.ar\/index.php?rest_route=\/wp\/v2\/media\/428"}],"wp:attachment":[{"href":"https:\/\/www.visionweb.com.ar\/index.php?rest_route=%2Fwp%2Fv2%2Fmedia&parent=13355"}],"wp:term":[{"taxonomy":"category","embeddable":true,"href":"https:\/\/www.visionweb.com.ar\/index.php?rest_route=%2Fwp%2Fv2%2Fcategories&post=13355"},{"taxonomy":"post_tag","embeddable":true,"href":"https:\/\/www.visionweb.com.ar\/index.php?rest_route=%2Fwp%2Fv2%2Ftags&post=13355"}],"curies":[{"name":"wp","href":"https:\/\/api.w.org\/{rel}","templated":true}]}}