{"id":13353,"date":"2024-01-18T10:01:37","date_gmt":"2024-01-18T13:01:37","guid":{"rendered":"https:\/\/www.visionweb.com.ar\/?p=13353"},"modified":"2024-01-18T10:02:28","modified_gmt":"2024-01-18T13:02:28","slug":"dnu-la-justicia-ratifico-que-las-causas-se-tramitaran-por-separado","status":"publish","type":"post","link":"https:\/\/www.visionweb.com.ar\/?p=13353","title":{"rendered":"DNU: La Justicia ratific\u00f3 que las causas se tramitar\u00e1n por separado"},"content":{"rendered":"<p><em><strong>Se trata de un fallo que pone en jaque la estrategia judicial del gobierno. La C\u00e1mara en lo Contencioso Administrativo decidi\u00f3 que todas las demandas por el DNU se tramiten por separado. <\/strong><\/em><!--more--><\/p>\n<p><strong><img loading=\"lazy\" decoding=\"async\" class=\"size-medium wp-image-13216 alignright\" src=\"https:\/\/www.visionweb.com.ar\/wp-content\/uploads\/2024\/01\/Milei-Javier-300x206.png\" alt=\"\" width=\"300\" height=\"206\" srcset=\"https:\/\/www.visionweb.com.ar\/wp-content\/uploads\/2024\/01\/Milei-Javier-300x206.png 300w, https:\/\/www.visionweb.com.ar\/wp-content\/uploads\/2024\/01\/Milei-Javier.png 502w\" sizes=\"auto, (max-width: 300px) 100vw, 300px\" \/>\u00a0\u00a0 L<\/strong>a C\u00e1mara en lo contencioso administrativo federal confirm\u00f3 que las causas judiciales contra el<strong> Decreto de Necesidad y Urgencia Nro. 70 (DNU) <\/strong>del gobierno no tramitar\u00e1n en un amparo colectivo, sino que lo har\u00e1n de manera individual en cada tribunal en las que fueron presentadas.<\/p>\n<p>As\u00ed lo decidieron ayer los jueces\u00a0<strong>Sergio Fern\u00e1ndez y Carlos Grecco,\u00a0<\/strong>en un fallo <strong>de primera instancia que desestima la pretensi\u00f3n de englobar como \u201cproceso colectivo\u201d el conjunto de las presentaciones.<\/strong><\/p>\n<p>\u201cNo se explica cu\u00e1l es el gravamen que le causa al Estado Nacional que, en resguardo de los principios de jurisdicci\u00f3n, competencia y especialidad establecidos en las normas procesales, se preserve la intervenci\u00f3n propia de los tribunales competentes para conocer en cada una de las vastas materias de las que se ocupa el DNU 70\/2023\u2033, resolvieron.<\/p>\n<p>El Gobierno quer\u00eda que las muchas demandas contra el DNU<strong>\u00a0queden concentradas en un \u00fanico expediente<\/strong>. Eso hac\u00eda que la posibilidad que sea declarado inconstitucional sea una sola. Con las causas dispersas en varios juzgados las chances de tener un fallo que suspenda todo el decreto se multiplican.<\/p>\n<p>De todas maneras, la decisi\u00f3n de la C\u00e1mara puede ser apelada<strong>\u00a0para que intervenga la Corte Suprema de Justicia de la Naci\u00f3n<\/strong>.<\/p>\n<p>La disputa surge en el marco del primer amparo que se present\u00f3 contra el DNU. Lo inici\u00f3 el\u00a0<strong>Observatorio de Derecho a la Ciudad\u00a0<\/strong>y el juez de primera instancia en lo contencioso\u00a0<strong>Esteban Furnari\u00a0<\/strong>dispuso en diciembre darle el car\u00e1cter de colectivo, por lo que todas las demandas contra el texto deb\u00edan acumularse en esa causa del fuero contencioso.<\/p>\n<p>La determinaci\u00f3n ratific\u00f3 lo resuelto por el juez en lo Contencioso Administrativo Federal,\u00a0<strong>Enrique Lavi\u00e9 Pico<\/strong>, quien hab\u00eda desestimado la posibilidad que las acciones de amparo pudieran unificarse en un solo expediente por fuera del foro laboral, el principal anhelo del gobierno nacional, tras la suspensi\u00f3n del tramo laboral del DNU con los pedidos de la CGT\u00a0y la CTA. Para los jueces de la C\u00e1mara, se trat\u00f3 de una\u00a0<strong>\u201catinada correcci\u00f3n procesal\u201d.<\/strong><\/p>\n<p><strong>Presentaciones por todos lados ponen contra las cuerdas al DNU<\/strong><\/p>\n<p>Hubo muchas presentaciones contra el DNU ante los distintos foros de justicia y a lo largo y ancho del pa\u00eds. Instituciones sociales, sindicales, gubernamentales, ONG\u00b4s, profesionales, usuarios de servicios, desplegaron acciones de amparo por la vulneraci\u00f3n de derechos.<\/p>\n<p>A los conocidos fallos que la justicia laboral hizo lugar a las centrales obreras de la CGT y CTA, tambi\u00e9n hubo frenos en el \u00e1mbito civil y comercial con fallos a favor de usuarios de prepagas. Otras muchas causas fueron aceptadas para su tramitaci\u00f3n y a\u00fan se esperan sus resoluciones.<\/p>\n<p>En t\u00e9rminos pol\u00edticos, el m\u00e1ximo tribunal concedi\u00f3 un tiempo para que oficialismo y oposici\u00f3n intenten encausar la discusi\u00f3n por las v\u00edas legislativas. <strong>(VW)<\/strong><\/p>\n","protected":false},"excerpt":{"rendered":"<p>Se trata de un fallo que pone en jaque la estrategia judicial del gobierno. La C\u00e1mara en lo Contencioso Administrativo decidi\u00f3 que todas las demandas por el DNU se tramiten por separado.<\/p>\n","protected":false},"author":4,"featured_media":13216,"comment_status":"closed","ping_status":"closed","sticky":false,"template":"","format":"standard","meta":{"_monsterinsights_skip_tracking":false,"_monsterinsights_sitenote_active":false,"_monsterinsights_sitenote_note":"","_monsterinsights_sitenote_category":0,"footnotes":""},"categories":[4],"tags":[5545,5546,5547,4530],"class_list":["post-13353","post","type-post","status-publish","format-standard","has-post-thumbnail","hentry","category-politica","tag-dnu-70","tag-fallo-judicial","tag-las-demandas-se-trataran-por-separado","tag-milei"],"_links":{"self":[{"href":"https:\/\/www.visionweb.com.ar\/index.php?rest_route=\/wp\/v2\/posts\/13353","targetHints":{"allow":["GET"]}}],"collection":[{"href":"https:\/\/www.visionweb.com.ar\/index.php?rest_route=\/wp\/v2\/posts"}],"about":[{"href":"https:\/\/www.visionweb.com.ar\/index.php?rest_route=\/wp\/v2\/types\/post"}],"author":[{"embeddable":true,"href":"https:\/\/www.visionweb.com.ar\/index.php?rest_route=\/wp\/v2\/users\/4"}],"replies":[{"embeddable":true,"href":"https:\/\/www.visionweb.com.ar\/index.php?rest_route=%2Fwp%2Fv2%2Fcomments&post=13353"}],"version-history":[{"count":1,"href":"https:\/\/www.visionweb.com.ar\/index.php?rest_route=\/wp\/v2\/posts\/13353\/revisions"}],"predecessor-version":[{"id":13354,"href":"https:\/\/www.visionweb.com.ar\/index.php?rest_route=\/wp\/v2\/posts\/13353\/revisions\/13354"}],"wp:featuredmedia":[{"embeddable":true,"href":"https:\/\/www.visionweb.com.ar\/index.php?rest_route=\/wp\/v2\/media\/13216"}],"wp:attachment":[{"href":"https:\/\/www.visionweb.com.ar\/index.php?rest_route=%2Fwp%2Fv2%2Fmedia&parent=13353"}],"wp:term":[{"taxonomy":"category","embeddable":true,"href":"https:\/\/www.visionweb.com.ar\/index.php?rest_route=%2Fwp%2Fv2%2Fcategories&post=13353"},{"taxonomy":"post_tag","embeddable":true,"href":"https:\/\/www.visionweb.com.ar\/index.php?rest_route=%2Fwp%2Fv2%2Ftags&post=13353"}],"curies":[{"name":"wp","href":"https:\/\/api.w.org\/{rel}","templated":true}]}}