{"id":13342,"date":"2024-01-17T08:48:46","date_gmt":"2024-01-17T11:48:46","guid":{"rendered":"https:\/\/www.visionweb.com.ar\/?p=13342"},"modified":"2024-01-17T08:48:46","modified_gmt":"2024-01-17T11:48:46","slug":"colectivos-y-trenes-del-amba-sufriran-aumentos-mensuales-desde-febrero","status":"publish","type":"post","link":"https:\/\/www.visionweb.com.ar\/?p=13342","title":{"rendered":"Colectivos y trenes del Amba sufrir\u00e1n aumentos mensuales desde febrero"},"content":{"rendered":"<p><em><strong>El incremento mensual abarcar\u00e1 a todos los servicios de colectivos urbanos y suburbanos de jurisdicci\u00f3n nacional. Sumar\u00e1n a la vez el eventual incremento por quita de subsidios.<\/strong><\/em><!--more--><\/p>\n<p><img loading=\"lazy\" decoding=\"async\" class=\"size-medium wp-image-10005 alignright\" src=\"https:\/\/www.visionweb.com.ar\/wp-content\/uploads\/2023\/03\/COLECTIVOS-300x225.png\" alt=\"\" width=\"300\" height=\"225\" srcset=\"https:\/\/www.visionweb.com.ar\/wp-content\/uploads\/2023\/03\/COLECTIVOS-300x225.png 300w, https:\/\/www.visionweb.com.ar\/wp-content\/uploads\/2023\/03\/COLECTIVOS-320x240.png 320w, https:\/\/www.visionweb.com.ar\/wp-content\/uploads\/2023\/03\/COLECTIVOS.png 640w\" sizes=\"auto, (max-width: 300px) 100vw, 300px\" \/>\u00a0 <strong>A<\/strong> partir del 1 de febrero pr\u00f3ximo\u00a0se pondr\u00e1 en marcha un <strong>nuevo esquema de ajuste mensual en base a la evoluci\u00f3n de la inflaci\u00f3n<\/strong>, en las tarifas de colectivos y trenes, al que se le sumar\u00e1 de manera paulatina,\u00a0<strong>una quita de subsidios que impactar\u00e1 en el valor final de las distintas modalidades de transportes de pasajeros.<\/strong><\/p>\n<p>Esto se da, <strong>luego del aumento del 45% <\/strong>que comenz\u00f3 a regir en las tarifas de colectivos y trenes del \u00c1rea Metropolitana de Buenos Aires (AMBA), desde el lunes de esta semana.<\/p>\n<p><strong>El mecanismo de incremento mensual abarcar\u00e1 a todos los servicios de colectivos urbanos y suburbanos de jurisdicci\u00f3n nacional; as\u00ed como a los servicios metropolitanos y regionales de trenes del \u00c1rea Metropolitana de Buenos Aires (AMBA)<\/strong>, conforme precis\u00f3 el Ministerio de Infraestructura.<\/p>\n<p>En tanto, para los servicios de trenes regionales del interior y de larga distancia la tarifa\u00a0<strong>tambi\u00e9n aumentar\u00e1 seg\u00fan la inflaci\u00f3n acumulada, aunque en este caso los incrementos ser\u00e1n trimestrales en lugar de mensuales.<\/strong><\/p>\n<p>Cuando se tom\u00f3 esta decisi\u00f3n, desde la cartera que encabeza\u00a0<strong>Guillermo Ferraro<\/strong>, se indic\u00f3 que la intenci\u00f3n era que las provincias y municipios se acoplen tambi\u00e9n a esta f\u00f3rmula mensual de incremento para que las tarifas est\u00e9n alineadas.<\/p>\n<p>El restablecimiento de los aumentos por inflaci\u00f3n busca\u00a0<strong>\u201cmantener la ecuaci\u00f3n econ\u00f3mico-financiero que permite el sostenimiento del servicio p\u00fablico del transporte automotor y ferroviario de pasajeros involucrado, en condiciones de calidad y eficiencia<\/strong>\u201d, se\u00f1alaba uno de los p\u00e1rrafos de los considerandos de la resoluci\u00f3n que determin\u00f3 el nuevo esquema tarifario.<\/p>\n<p>Tambi\u00e9n se aclar\u00f3 oportunamente que, al aumento mensual de tarifas por inflaci\u00f3n, que se ver\u00e1 reflejado desde febrero,<strong>\u00a0habr\u00e1 que sumar el eventual incremento por quita de subsidios<\/strong>, lo que har\u00e1 que el incremento de los pr\u00f3ximos meses sea mayor al del \u00edndice de precios.<\/p>\n<p>En el caso de los trenes, particularmente, el Ministerio de Infraestructura inform\u00f3 que convocar\u00e1 a una Audiencia P\u00fablica \u201ca\u00a0<strong>los fines de establecer una tarifa que reduzca paulatinamente la incidencia del subsidio a la oferta que ha generado graves distorsiones, incrementando la participaci\u00f3n en el ingreso de las operadoras ferroviarias de la tarifa pagada por los usuarios\u201d.<\/strong><\/p>\n<p>Infraestructura fundament\u00f3 la decisi\u00f3n en que las tarifas se encuentran \u201cfuertemente subsidiadas por el Gobierno nacional, siendo el monto del subsidio mensual transferido a las operadoras ferroviarias equivalente al 98% del costo de operaci\u00f3n, ello producto de una pol\u00edtica p\u00fablica equivocada de congelamiento de tarifas del entonces Ministerio de Transporte\u201d.<\/p>\n<p>La anterior administraci\u00f3n nacional decidi\u00f3, en su momento, establecer un cuadro tarifario que comenz\u00f3 en marzo de 2023,\u00a0<strong>luego de dos a\u00f1os y medio de congelamiento, con incrementos mensuales<\/strong>, tomando como base el \u00edndice de Precios al Consumidor (IPC) de la Regi\u00f3n Gran Buenos Aires.<\/p>\n<p>Luego, en medio de la contienda electoral,\u00a0<strong>las tarifas nuevamente hab\u00edan quedado congeladas <\/strong>hasta la modificaci\u00f3n impuesta por el nuevo gobierno.<strong> (VW)<\/strong><\/p>\n","protected":false},"excerpt":{"rendered":"<p>El incremento mensual abarcar\u00e1 a todos los servicios de colectivos urbanos y suburbanos de jurisdicci\u00f3n nacional. Sumar\u00e1n a la vez el eventual incremento por quita de subsidios.<\/p>\n","protected":false},"author":4,"featured_media":10005,"comment_status":"closed","ping_status":"closed","sticky":false,"template":"","format":"standard","meta":{"_monsterinsights_skip_tracking":false,"_monsterinsights_sitenote_active":false,"_monsterinsights_sitenote_note":"","_monsterinsights_sitenote_category":0,"footnotes":""},"categories":[6,4],"tags":[5482,4054,564,4077],"class_list":["post-13342","post","type-post","status-publish","format-standard","has-post-thumbnail","hentry","category-economia","category-politica","tag-aumentos-mensuales","tag-febrero","tag-tarifas","tag-trenes-y-colectivos"],"_links":{"self":[{"href":"https:\/\/www.visionweb.com.ar\/index.php?rest_route=\/wp\/v2\/posts\/13342","targetHints":{"allow":["GET"]}}],"collection":[{"href":"https:\/\/www.visionweb.com.ar\/index.php?rest_route=\/wp\/v2\/posts"}],"about":[{"href":"https:\/\/www.visionweb.com.ar\/index.php?rest_route=\/wp\/v2\/types\/post"}],"author":[{"embeddable":true,"href":"https:\/\/www.visionweb.com.ar\/index.php?rest_route=\/wp\/v2\/users\/4"}],"replies":[{"embeddable":true,"href":"https:\/\/www.visionweb.com.ar\/index.php?rest_route=%2Fwp%2Fv2%2Fcomments&post=13342"}],"version-history":[{"count":1,"href":"https:\/\/www.visionweb.com.ar\/index.php?rest_route=\/wp\/v2\/posts\/13342\/revisions"}],"predecessor-version":[{"id":13343,"href":"https:\/\/www.visionweb.com.ar\/index.php?rest_route=\/wp\/v2\/posts\/13342\/revisions\/13343"}],"wp:featuredmedia":[{"embeddable":true,"href":"https:\/\/www.visionweb.com.ar\/index.php?rest_route=\/wp\/v2\/media\/10005"}],"wp:attachment":[{"href":"https:\/\/www.visionweb.com.ar\/index.php?rest_route=%2Fwp%2Fv2%2Fmedia&parent=13342"}],"wp:term":[{"taxonomy":"category","embeddable":true,"href":"https:\/\/www.visionweb.com.ar\/index.php?rest_route=%2Fwp%2Fv2%2Fcategories&post=13342"},{"taxonomy":"post_tag","embeddable":true,"href":"https:\/\/www.visionweb.com.ar\/index.php?rest_route=%2Fwp%2Fv2%2Ftags&post=13342"}],"curies":[{"name":"wp","href":"https:\/\/api.w.org\/{rel}","templated":true}]}}