{"id":13335,"date":"2024-01-17T08:21:50","date_gmt":"2024-01-17T11:21:50","guid":{"rendered":"https:\/\/www.visionweb.com.ar\/?p=13335"},"modified":"2024-01-17T08:21:50","modified_gmt":"2024-01-17T11:21:50","slug":"un-mes-sin-luz-vecinos-del-delta-marcharon-a-edenor","status":"publish","type":"post","link":"https:\/\/www.visionweb.com.ar\/?p=13335","title":{"rendered":"Un mes sin luz: Vecinos del Delta marcharon a Edenor"},"content":{"rendered":"<p><em><strong>Pas\u00f3 ya un mes del temporal que dej\u00f3 la zona sin electricidad, y los vecinos exigieron la \u00abrestauraci\u00f3n del servicio\u00bb y un plan de obras definitivo.\u00a0El gobierno provincial convoc\u00f3 a una audiencia p\u00fablica para el pr\u00f3ximo viernes.<\/strong><\/em><!--more--><\/p>\n<p><img loading=\"lazy\" decoding=\"async\" class=\"size-medium wp-image-13336 alignright\" src=\"https:\/\/www.visionweb.com.ar\/wp-content\/uploads\/2024\/01\/Delta-sin-luz-reclamo-300x224.png\" alt=\"\" width=\"300\" height=\"224\" srcset=\"https:\/\/www.visionweb.com.ar\/wp-content\/uploads\/2024\/01\/Delta-sin-luz-reclamo-300x224.png 300w, https:\/\/www.visionweb.com.ar\/wp-content\/uploads\/2024\/01\/Delta-sin-luz-reclamo-320x240.png 320w, https:\/\/www.visionweb.com.ar\/wp-content\/uploads\/2024\/01\/Delta-sin-luz-reclamo.png 469w\" sizes=\"auto, (max-width: 300px) 100vw, 300px\" \/>\u00a0 <strong>V<\/strong>ecinos del <strong>Delta de Tigre y San Fernando<\/strong> se concentraron en la tarde de ayer en la sede de Edenor del partido de San Fernando, donde fueron atendidos dos representantes del Comit\u00e9 de Crisis que formaron, luego marcharon hasta la Municipalidad de este distrito, donde las autoridades se comprometieron a presenciar la audiencia p\u00fablica que fue convocada por la provincia que se realizar\u00e1 el pr\u00f3ximo viernes.<\/p>\n<p>A un mes del temporal que los dej\u00f3 sin suministro el\u00e9ctrico, y exigieron la \u00ab<strong>restauraci\u00f3n del servicio<\/strong>\u00ab, un plan de obras definitivo y remarcaron que \u00ab<strong>no merecen vivir sin luz<\/strong>\u00ab. El gobierno provincial pidi\u00f3 precisiones a Edenor y convoc\u00f3 a una <strong>audiencia p\u00fablica para el pr\u00f3ximo viernes<\/strong>.<\/p>\n<p>Muchos pobladores isle\u00f1os de la secci\u00f3n 2da y 3ra que mantienen un conflicto de larga data con esta empresa de energ\u00eda el\u00e9ctrica, a la que reclamaron la inmediata restauraci\u00f3n del servicio de luz para las Islas del Delta, Tigre y San Fernando.<\/p>\n<p>Con carteles que dec\u00edan<strong>\u00a0\u00abEl Delta abandonado por Edenor\u00bb<\/strong>\u00a0y con el sonido de redoblantes y cacerolas, casi un centenar de isle\u00f1os se concentraron ayer bajo la lluvia en la Plaza Bartolom\u00e9 Mitre, en el centro de San Fernando.<\/p>\n<p>\u00abEstuvimos 28 d\u00edas sin luz, volvi\u00f3 ayer y se cort\u00f3 otra vez. Ni siquiera un d\u00eda dur\u00f3. Eso implica que no podemos trabajar, ni hacer las compras ni mandar un mensaje\u00bb, asegur\u00f3 a T\u00e9lam<strong>\u00a0Marisa Negri, habitante de la segunda secci\u00f3n del Delta bonaerense<\/strong>, en el partido de San Fernando, quien remarc\u00f3 que lo m\u00e1s preocupante es la incomunicaci\u00f3n.<\/p>\n<p>\u00abNo hay se\u00f1al ni internet y nadie hizo un recorrido para ver c\u00f3mo est\u00e1n esos vecinos\u00bb, alert\u00f3 esta profesora de literatura que desde hace un mes tiene que \u00abarregl\u00e1rselas\u00bb para refrigerar los alimentos.<\/p>\n<p>\u201cRemojamos cosas en el r\u00edo y como<strong>\u00a0tampoco tenemos agua<\/strong>, hay que ir hasta el muelle a buscar un balde de agua para el ba\u00f1o o la cocina. No podemos usar la heladera ni prender un ventilador. No nos merecemos vivir as\u00ed\u00bb, se lament\u00f3.<\/p>\n<p>Al grito de \u00abqueremos luz\u00bb, alrededor de cien vecinos protestaron, y a la vez advirtieron que muchas familias no pudieron llegar por la lluvia y la crecida del r\u00edo.<\/p>\n<p>Tras la reuni\u00f3n,<strong>\u00a0un isle\u00f1o cont\u00f3 que Edenor les inform\u00f3 que para este fin de semana estar\u00eda restablecido el servicio en la primera secci\u00f3n<\/strong>\u00a0y, para el lunes, en la segunda y tercera, aunque se estima que \u00abquedar\u00e1n casos puntuales de resolver\u00bb.<\/p>\n<p><strong>El pr\u00f3ximo viernes a las 9.30 tendr\u00e1 lugar una audiencia informativa en la Direcci\u00f3n Provincial de Islas<\/strong>, ubicada en Lavalle al 733, en Tigre, donde se reunir\u00e1n funcionarios de Edenor con representantes y los usuarios damnificados de las tres secciones del Delta Bonaerense, la Subsecretar\u00eda de Asuntos Territoriales y la Subsecretar\u00eda de Energ\u00eda bonaerenses; y autoridades de los Municipios de Tigre y San Fernando, la Defensor\u00eda del Pueblo bonaerense y el Ente Nacional Regulador de la Electricidad (ENRE).<\/p>\n<p>Entre las consignas de la marcha, demandaron que el Estado intervenga para exigir condiciones de seguridad a la empresa Rowing subcontratada por Edenor.<\/p>\n<p>Con cantos como \u00abNi lluvia ni viento, es falta de mantenimiento\u00bb o \u00ab\u00a1Qu\u00e9 basuras, hace 30 d\u00edas Edenor nos tiene a oscuras!\u00bb, el grupo mantuvo la protesta a lo largo de dos horas, a la espera de soluciones. <strong>(VW)<\/strong><\/p>\n","protected":false},"excerpt":{"rendered":"<p>Pas\u00f3 ya un mes del temporal que dej\u00f3 la zona sin electricidad, y los vecinos exigieron la \u00abrestauraci\u00f3n del servicio\u00bb y un plan de obras definitivo.\u00a0El gobierno provincial convoc\u00f3 a una audiencia p\u00fablica para&#46;&#46;&#46;<\/p>\n","protected":false},"author":4,"featured_media":13336,"comment_status":"closed","ping_status":"closed","sticky":false,"template":"","format":"standard","meta":{"_monsterinsights_skip_tracking":false,"_monsterinsights_sitenote_active":false,"_monsterinsights_sitenote_note":"","_monsterinsights_sitenote_category":0,"footnotes":""},"categories":[8],"tags":[1105,1297,5540],"class_list":["post-13335","post","type-post","status-publish","format-standard","has-post-thumbnail","hentry","category-interes-general","tag-delta","tag-edenor","tag-san-fernando-un-mes-sin-luz"],"_links":{"self":[{"href":"https:\/\/www.visionweb.com.ar\/index.php?rest_route=\/wp\/v2\/posts\/13335","targetHints":{"allow":["GET"]}}],"collection":[{"href":"https:\/\/www.visionweb.com.ar\/index.php?rest_route=\/wp\/v2\/posts"}],"about":[{"href":"https:\/\/www.visionweb.com.ar\/index.php?rest_route=\/wp\/v2\/types\/post"}],"author":[{"embeddable":true,"href":"https:\/\/www.visionweb.com.ar\/index.php?rest_route=\/wp\/v2\/users\/4"}],"replies":[{"embeddable":true,"href":"https:\/\/www.visionweb.com.ar\/index.php?rest_route=%2Fwp%2Fv2%2Fcomments&post=13335"}],"version-history":[{"count":1,"href":"https:\/\/www.visionweb.com.ar\/index.php?rest_route=\/wp\/v2\/posts\/13335\/revisions"}],"predecessor-version":[{"id":13337,"href":"https:\/\/www.visionweb.com.ar\/index.php?rest_route=\/wp\/v2\/posts\/13335\/revisions\/13337"}],"wp:featuredmedia":[{"embeddable":true,"href":"https:\/\/www.visionweb.com.ar\/index.php?rest_route=\/wp\/v2\/media\/13336"}],"wp:attachment":[{"href":"https:\/\/www.visionweb.com.ar\/index.php?rest_route=%2Fwp%2Fv2%2Fmedia&parent=13335"}],"wp:term":[{"taxonomy":"category","embeddable":true,"href":"https:\/\/www.visionweb.com.ar\/index.php?rest_route=%2Fwp%2Fv2%2Fcategories&post=13335"},{"taxonomy":"post_tag","embeddable":true,"href":"https:\/\/www.visionweb.com.ar\/index.php?rest_route=%2Fwp%2Fv2%2Ftags&post=13335"}],"curies":[{"name":"wp","href":"https:\/\/api.w.org\/{rel}","templated":true}]}}