{"id":13328,"date":"2024-01-16T11:48:51","date_gmt":"2024-01-16T14:48:51","guid":{"rendered":"https:\/\/www.visionweb.com.ar\/?p=13328"},"modified":"2024-01-16T11:48:51","modified_gmt":"2024-01-16T14:48:51","slug":"paritarias-la-provincia-definio-un-25-para-enero-por-decreto","status":"publish","type":"post","link":"https:\/\/www.visionweb.com.ar\/?p=13328","title":{"rendered":"Paritarias: La Provincia defini\u00f3 un 25% para enero por decreto"},"content":{"rendered":"<p><em><strong>Es para estatales y docentes. El Gobierno bonaerense inform\u00f3 que 15 puntos corresponden al cierre de la paritaria 2023 y 10 son en concepto de adelanto de las negociaciones 2024. El decreto para oficializar el cierre de las paritarias 2023 saldr\u00eda ma\u00f1ana.<\/strong><\/em><strong>\u00a0<\/strong><!--more--><\/p>\n<p><strong>\u00a0 <img loading=\"lazy\" decoding=\"async\" class=\"size-medium wp-image-13329 alignright\" src=\"https:\/\/www.visionweb.com.ar\/wp-content\/uploads\/2024\/01\/kicillof-paritarias-300x150.png\" alt=\"\" width=\"300\" height=\"150\" srcset=\"https:\/\/www.visionweb.com.ar\/wp-content\/uploads\/2024\/01\/kicillof-paritarias-300x150.png 300w, https:\/\/www.visionweb.com.ar\/wp-content\/uploads\/2024\/01\/kicillof-paritarias.png 628w\" sizes=\"auto, (max-width: 300px) 100vw, 300px\" \/> E<\/strong>l gobierno bonaerense decidi\u00f3 <strong>un aumento salarial del 25% para los empleados estatales, por decreto, en medio de las negociaciones paritarias, y en febrero volver\u00e1n a reunirse con los gremios para avanzar en la discusi\u00f3n.<\/strong><\/p>\n<p>Seg\u00fan un comunicado oficial, el aumento corresponde a enero: \u201cLuego de las reuniones paritarias llevadas a cabo, y de intensas conversaciones informales con las y los representantes gremiales durante las \u00faltimas jornadas, el Gobierno de la Provincia de Buenos Aires defini\u00f3 otorgar un incremento salarial para las y los trabajadores de la Administraci\u00f3n P\u00fablica Provincial de 25% respecto de los haberes percibidos en diciembre de 2023, de los cuales 15 puntos corresponden al cierre de la paritaria 2023\u2033.<\/p>\n<p>De acuerdo al\u00a0<strong>INDEC<\/strong>,\u00a0<strong>la suba de precios rond\u00f3 el 25 por ciento en diciembre y cerr\u00f3 el a\u00f1o por encima del 211%<\/strong>. Ya antes de que se diera a conocer esta cifra, los principales gremios de trabajadores estatales provinciales hab\u00edan pedido cerrar el 2023 con una recomposici\u00f3n salarial.<\/p>\n<p>Desde el Frente de Unidad Docente Bonaerense (FUDB), remarcaron que \u00abla actual coyuntura econ\u00f3mica nacional provocada por la escalada inflacionaria de los \u00faltimos tiempos, y en particular del \u00faltimo mes, afecta directamente al poder adquisitivo\u00bb.<\/p>\n<p>Seg\u00fan se inform\u00f3,\u00a0<strong>los empleados estatales percibir\u00e1n un incremento del 15 por ciento sobre el acumulado de noviembre en el sueldo del \u00faltimo mes del a\u00f1o pasado. Se cobrar\u00e1 en febrero junto con los haberes de enero que vendr\u00e1n, a su vez, con una suba del 10 por ciento en concepto de anticipo<\/strong>.<\/p>\n<p>\u00abLa Provincia contin\u00faa comprometida con las negociaciones paritarias, y convocar\u00e1 a los gremios nuevamente en el mes de febrero, con el objetivo de continuar la discusi\u00f3n paritaria del a\u00f1o en curso\u00bb, se\u00f1alaron desde la gesti\u00f3n de Kicillof.<\/p>\n<p>De esta manera, la propuesta completa incluye la\u00a0<strong>reapertura de paritarias en febrero<\/strong>, la implementaci\u00f3n de\u00a0<strong>mesas t\u00e9cnicas\u00a0<\/strong>para resolver otras problem\u00e1ticas y la<strong>\u00a0devoluci\u00f3n de los c\u00f3digos de descuento<\/strong>\u00a0de coseguro, pr\u00e9stamos y farmacias para los empleados del r\u00e9gimen de la Ley 10.430.<\/p>\n<p><strong>Los gremios rechazan el cierre:<\/strong><\/p>\n<p>Tras el anuncio del gobierno bonaerense, la Asociaci\u00f3n de Trabajadores del Estado (<strong>ATE<\/strong>) calific\u00f3 como \u00abinsuficiente\u00bb al aumento. A trav\u00e9s de un comunicado, el gremio que conduce\u00a0<strong>Claudio Ar\u00e9valo<\/strong>\u00a0consider\u00f3: \u00ab<strong>No podemos aceptar un aumento que est\u00e9 por debajo de los \u00edndices inflacionarios<\/strong>\u00ab.<\/p>\n<p>A pesar del rechazo, ATE no anunci\u00f3 ninguna medida de fuerza, pero confirm\u00f3 que participar\u00e1 del pr\u00f3ximo paro nacional del 24.<strong> Seg\u00fan entienden, el cierre a la baja de las paritarias 2023 est\u00e1 relacionado al ajuste implementado al gobierno de Javier Milei<\/strong>. El recorte \u00ab<strong>impone un ajuste en los salarios de miles de estatales bonaerenses<\/strong>, la falta de obra p\u00fablica e insumos en hospitales, entre otros recortes que empeoraron la calidad de vida de millones de bonaerenses\u00bb, se\u00f1alaron.<\/p>\n<p>De esta manera, el sindicato se mantiene enfocado en su pelea con la administraci\u00f3n libertario. Mientras tanto, la Provincia firma un aumento que no podr\u00eda contar con el visto bueno de la dirigencia gremial.\u00a0<strong>De no mediar cambios de \u00faltimo momento, el decreto para oficializar el cierre de las paritarias 2023 saldr\u00e1 ma\u00f1ana<\/strong>. <strong>(VW)<\/strong><\/p>\n","protected":false},"excerpt":{"rendered":"<p>Es para estatales y docentes. El Gobierno bonaerense inform\u00f3 que 15 puntos corresponden al cierre de la paritaria 2023 y 10 son en concepto de adelanto de las negociaciones 2024. El decreto para oficializar&#46;&#46;&#46;<\/p>\n","protected":false},"author":4,"featured_media":13329,"comment_status":"closed","ping_status":"closed","sticky":false,"template":"","format":"standard","meta":{"_monsterinsights_skip_tracking":false,"_monsterinsights_sitenote_active":false,"_monsterinsights_sitenote_note":"","_monsterinsights_sitenote_category":0,"footnotes":""},"categories":[6,4],"tags":[5537,167,5538],"class_list":["post-13328","post","type-post","status-publish","format-standard","has-post-thumbnail","hentry","category-economia","category-politica","tag-aumento-po-decreto","tag-kicillof","tag-paritarias-bonaerenses"],"_links":{"self":[{"href":"https:\/\/www.visionweb.com.ar\/index.php?rest_route=\/wp\/v2\/posts\/13328","targetHints":{"allow":["GET"]}}],"collection":[{"href":"https:\/\/www.visionweb.com.ar\/index.php?rest_route=\/wp\/v2\/posts"}],"about":[{"href":"https:\/\/www.visionweb.com.ar\/index.php?rest_route=\/wp\/v2\/types\/post"}],"author":[{"embeddable":true,"href":"https:\/\/www.visionweb.com.ar\/index.php?rest_route=\/wp\/v2\/users\/4"}],"replies":[{"embeddable":true,"href":"https:\/\/www.visionweb.com.ar\/index.php?rest_route=%2Fwp%2Fv2%2Fcomments&post=13328"}],"version-history":[{"count":1,"href":"https:\/\/www.visionweb.com.ar\/index.php?rest_route=\/wp\/v2\/posts\/13328\/revisions"}],"predecessor-version":[{"id":13330,"href":"https:\/\/www.visionweb.com.ar\/index.php?rest_route=\/wp\/v2\/posts\/13328\/revisions\/13330"}],"wp:featuredmedia":[{"embeddable":true,"href":"https:\/\/www.visionweb.com.ar\/index.php?rest_route=\/wp\/v2\/media\/13329"}],"wp:attachment":[{"href":"https:\/\/www.visionweb.com.ar\/index.php?rest_route=%2Fwp%2Fv2%2Fmedia&parent=13328"}],"wp:term":[{"taxonomy":"category","embeddable":true,"href":"https:\/\/www.visionweb.com.ar\/index.php?rest_route=%2Fwp%2Fv2%2Fcategories&post=13328"},{"taxonomy":"post_tag","embeddable":true,"href":"https:\/\/www.visionweb.com.ar\/index.php?rest_route=%2Fwp%2Fv2%2Ftags&post=13328"}],"curies":[{"name":"wp","href":"https:\/\/api.w.org\/{rel}","templated":true}]}}