{"id":13322,"date":"2024-01-16T11:01:07","date_gmt":"2024-01-16T14:01:07","guid":{"rendered":"https:\/\/www.visionweb.com.ar\/?p=13322"},"modified":"2024-01-16T11:01:07","modified_gmt":"2024-01-16T14:01:07","slug":"lanus-quedo-detenido-el-chofer-que-atropello-y-mato-a-un-perro","status":"publish","type":"post","link":"https:\/\/www.visionweb.com.ar\/?p=13322","title":{"rendered":"Lan\u00fas: Qued\u00f3 detenido el chofer que atropell\u00f3 y mat\u00f3 a un perro"},"content":{"rendered":"<p><em><strong>Un video circul\u00f3 durante estos d\u00edas por todas las redes con el repudio generalizado. El presidente Milei tambi\u00e9n lo poste\u00f3, y pidi\u00f3 expresamente la detenci\u00f3n del conductor.<\/strong><\/em><!--more--><\/p>\n<div id=\"attachment_13323\" style=\"width: 310px\" class=\"wp-caption alignright\"><img loading=\"lazy\" decoding=\"async\" aria-describedby=\"caption-attachment-13323\" class=\"wp-image-13323 size-medium\" src=\"https:\/\/www.visionweb.com.ar\/wp-content\/uploads\/2024\/01\/micro-atropello-a-un-perro-300x180.png\" alt=\"\" width=\"300\" height=\"180\" srcset=\"https:\/\/www.visionweb.com.ar\/wp-content\/uploads\/2024\/01\/micro-atropello-a-un-perro-300x180.png 300w, https:\/\/www.visionweb.com.ar\/wp-content\/uploads\/2024\/01\/micro-atropello-a-un-perro.png 488w\" sizes=\"auto, (max-width: 300px) 100vw, 300px\" \/><p id=\"caption-attachment-13323\" class=\"wp-caption-text\">Imagen de redes del micro capturado por la PFA<\/p><\/div>\n<p><strong>\u00a0\u00a0 E<\/strong>l Ministerio de Seguridad, por orden de Patricia Bullrich,\u00a0<strong>localiz\u00f3 en Lomas de Zamora al \u00f3mnibus escolar con el que un chofer arroll\u00f3 a un perro en Remedios de Escalda, Lan\u00fas,<\/strong> hecho ocurrido el 11 de enero y que provoc\u00f3 el repudio de toda la sociedad.<\/p>\n<p>En ese sentido, Patricia Bullrich, inform\u00f3 ayer que el chofer fue localizado al igual que el micro, gracias al r\u00e1pido despliegue de la Polic\u00eda Federal Argentina (PFA) y por pedido del propio Milei, comprometido con el caso, que a la vez felicit\u00f3 a la funcionaria.<\/p>\n<p>La ministra poste\u00f3 en perfil de la red social X\/Twitter su conocida frase \u201cel que las hace las paga\u201d, junto a una serie de fotograf\u00edas del micro.<\/p>\n<p>\u201cAyer el presidente Javier Milei me encomend\u00f3 judicializar y buscar a este conductor y al \u00f3mnibus que sin importarle nada aplast\u00f3 y mat\u00f3 adrede a un perro, violando las leyes de defensa animal. Lo buscamos y lo encontramos. En esta Argentina el que las hace, las paga\u201d, poste\u00f3 Bullrich.<\/p>\n<p><strong>El mismo mandatario escribi\u00f3 en sus redes:<\/strong> \u201cMuchas gracias Patricia Bullrich por su enorme trabajo. Y que quede claro:\u00a0<strong>EL QUE LAS HACE LAS PAGA\u201d.<\/strong><\/p>\n<p>Es que el propio Presidente de la Naci\u00f3n\u00a0<strong>hab\u00eda reposteado en sus redes el video del brutal arrollamiento, un acto de profunda crueldad que fue viralizado<\/strong>\u00a0por los vecinos de Remedios de Escalada, con el objetivo de hallar al autor de semejante acto de barbarie.<\/p>\n<p>El episodio ocurri\u00f3 el 11 de enero, y qued\u00f3 captado por las c\u00e1maras de seguridad municipales. Ante ello, los agentes de la Divisi\u00f3n Delitos Contra el Automotor de la Polic\u00eda Federal Argentina (PFA), localizaron al colectivo escolar, que\u00a0<strong>estaba estacionado en Larrea al 1400<\/strong>\u00a0y se determin\u00f3 el nombre de la empresa de colectivos como tambi\u00e9n se identific\u00f3 a su conductor.<\/p>\n<p>Del mismo modo, personal de la Direcci\u00f3n Cient\u00edfica de la PFA \u2013de la Unidad de B\u00fasqueda de Evidencias y Accidentolog\u00eda Vial Forense\u2013 trabaja con el veh\u00edculo para realizar las pericias ordenadas por la\u00a0<strong>UFI 7 del Departamento Judicial Avellaneda-Lan\u00fas, a cargo de la fiscal Silvia Bussano.<\/strong><\/p>\n<p>Asimismo, la empresa desafect\u00f3 al conductor por la terrible actitud que tuvo con el animal. <strong>(VW)<\/strong><\/p>\n<p>&nbsp;<\/p>\n","protected":false},"excerpt":{"rendered":"<p>Un video circul\u00f3 durante estos d\u00edas por todas las redes con el repudio generalizado. El presidente Milei tambi\u00e9n lo poste\u00f3, y pidi\u00f3 expresamente la detenci\u00f3n del conductor.<\/p>\n","protected":false},"author":4,"featured_media":13323,"comment_status":"closed","ping_status":"closed","sticky":false,"template":"","format":"standard","meta":{"_monsterinsights_skip_tracking":false,"_monsterinsights_sitenote_active":false,"_monsterinsights_sitenote_note":"","_monsterinsights_sitenote_category":0,"footnotes":""},"categories":[8,5],"tags":[5535,5536,19,864],"class_list":["post-13322","post","type-post","status-publish","format-standard","has-post-thumbnail","hentry","category-interes-general","category-sociedad","tag-chofer-atropello-a-un-perro","tag-detenido","tag-lanus","tag-remedios-de-escalada"],"_links":{"self":[{"href":"https:\/\/www.visionweb.com.ar\/index.php?rest_route=\/wp\/v2\/posts\/13322","targetHints":{"allow":["GET"]}}],"collection":[{"href":"https:\/\/www.visionweb.com.ar\/index.php?rest_route=\/wp\/v2\/posts"}],"about":[{"href":"https:\/\/www.visionweb.com.ar\/index.php?rest_route=\/wp\/v2\/types\/post"}],"author":[{"embeddable":true,"href":"https:\/\/www.visionweb.com.ar\/index.php?rest_route=\/wp\/v2\/users\/4"}],"replies":[{"embeddable":true,"href":"https:\/\/www.visionweb.com.ar\/index.php?rest_route=%2Fwp%2Fv2%2Fcomments&post=13322"}],"version-history":[{"count":1,"href":"https:\/\/www.visionweb.com.ar\/index.php?rest_route=\/wp\/v2\/posts\/13322\/revisions"}],"predecessor-version":[{"id":13324,"href":"https:\/\/www.visionweb.com.ar\/index.php?rest_route=\/wp\/v2\/posts\/13322\/revisions\/13324"}],"wp:featuredmedia":[{"embeddable":true,"href":"https:\/\/www.visionweb.com.ar\/index.php?rest_route=\/wp\/v2\/media\/13323"}],"wp:attachment":[{"href":"https:\/\/www.visionweb.com.ar\/index.php?rest_route=%2Fwp%2Fv2%2Fmedia&parent=13322"}],"wp:term":[{"taxonomy":"category","embeddable":true,"href":"https:\/\/www.visionweb.com.ar\/index.php?rest_route=%2Fwp%2Fv2%2Fcategories&post=13322"},{"taxonomy":"post_tag","embeddable":true,"href":"https:\/\/www.visionweb.com.ar\/index.php?rest_route=%2Fwp%2Fv2%2Ftags&post=13322"}],"curies":[{"name":"wp","href":"https:\/\/api.w.org\/{rel}","templated":true}]}}