{"id":13320,"date":"2024-01-16T10:04:07","date_gmt":"2024-01-16T13:04:07","guid":{"rendered":"https:\/\/www.visionweb.com.ar\/?p=13320"},"modified":"2024-01-16T11:39:47","modified_gmt":"2024-01-16T14:39:47","slug":"diputados-la-ucr-piden-que-no-se-elimine-el-regimen-de-zona-fria","status":"publish","type":"post","link":"https:\/\/www.visionweb.com.ar\/?p=13320","title":{"rendered":"Legislatura bonaerense: La UCR piden que no se elimine el r\u00e9gimen de \u201cZona Fr\u00eda\u201d"},"content":{"rendered":"<p><em><strong>M\u00e1s all\u00e1 de las subas que se esperan por quita de subsidios y ajustes, las facturas se encarecer\u00edan para 90 distritos entre 30% y 50% m\u00e1s.<\/strong><\/em><!--more--><\/p>\n<div id=\"attachment_5853\" style=\"width: 310px\" class=\"wp-caption alignright\"><img loading=\"lazy\" decoding=\"async\" aria-describedby=\"caption-attachment-5853\" class=\"size-medium wp-image-5853\" src=\"https:\/\/www.visionweb.com.ar\/wp-content\/uploads\/2022\/05\/tarifas-gas-300x225.jpg\" alt=\"\" width=\"300\" height=\"225\" srcset=\"https:\/\/www.visionweb.com.ar\/wp-content\/uploads\/2022\/05\/tarifas-gas-300x225.jpg 300w, https:\/\/www.visionweb.com.ar\/wp-content\/uploads\/2022\/05\/tarifas-gas-768x576.jpg 768w, https:\/\/www.visionweb.com.ar\/wp-content\/uploads\/2022\/05\/tarifas-gas-320x240.jpg 320w, https:\/\/www.visionweb.com.ar\/wp-content\/uploads\/2022\/05\/tarifas-gas.jpg 1024w\" sizes=\"auto, (max-width: 300px) 100vw, 300px\" \/><p id=\"caption-attachment-5853\" class=\"wp-caption-text\">La eliminaci\u00f3n dl r\u00e9gimen perjudicar\u00eda a 90 municipios del sur bonaerense( Archivo)<\/p><\/div>\n<p>Los legisladores bonaerenses del bloque de la UCR + Cambio Federal presentaron proyectos para expresar su profunda preocupaci\u00f3n ante la posibilidad de que el Ejecutivo Nacional elimine el r\u00e9gimen de \u201cZona Fr\u00eda\u201d para tarifa de gas.<\/p>\n<p>Los legisladores consideraron que de eliminarse \u00e9ste r\u00e9gimen, perjudicar\u00eda a vecinos de unos 90 municipios de la provincia de Buenos Aires. M\u00e1s all\u00e1 de las subas que se esperan, las facturas se encarecer\u00edan entre 30% y 50%.<\/p>\n<p>Las iniciativas parlamentarias fueron presentadas por la senadora Nerina Neumann y por el diputado Emiliano Balb\u00edn, ambos de la Sexta secci\u00f3n electoral, en el sur bonaerense, y adem\u00e1s solicitaron al Congreso \u201cno modificar cuestiones atinentes a Ley 25.565 (R\u00e9gimen de Zona Fr\u00eda)\u201d.<\/p>\n<p>\u201cDe acuerdo al proyecto de Ley Bases y Punto de Partida enviado por el Poder Ejecutivo Nacional y actualmente en tratamiento en el Congreso de la Naci\u00f3n, se encuentra en su articulado la posibilidad de modificar, transformar y\/o eliminar los fondos fiduciarios del sector energ\u00e9tico, inclusive los destinados a subsidios\u201d, se\u00f1alaron los legisladores.<\/p>\n<p>\u201cEsto pone en riesgo el Fondo Fiduciario para Subsidios de Consumos Residenciales de Gas el cual lleva adelante el R\u00e9gimen de Zona Fr\u00eda de la Rep\u00fablica Argentina\u201d, puntualizaron los legisladores.<\/p>\n<p>En el a\u00f1o 2021 se aprob\u00f3 la ampliaci\u00f3n del R\u00e9gimen de Zona Fr\u00eda mediante la Ley N\u00b0 27.637, modificatoria de la N\u00ba 25.565, y se prorrog\u00f3 hasta el 31 de diciembre de 2031 el r\u00e9gimen establecido en el art\u00edculo 75 de la Ley N\u00b0 25.565.<\/p>\n<p>Por otra parte se ampli\u00f3 el universo de beneficiarios y beneficiarias del r\u00e9gimen, cuyo mecanismo de financiaci\u00f3n permite solventar cuadros tarifarios diferenciales para los servicios de gas natural por redes, gas propano indiluido por redes y la venta de cilindros, garrafas o gas licuado de petr\u00f3leo comercializado a granel en la regi\u00f3n.<\/p>\n<p>La ampliaci\u00f3n abarc\u00f3 localidades de bajas temperaturas que no se encontraban alcanzadas hasta el momento, a trav\u00e9s del criterio de zonas bioambientales definido en la IRAM 11.603:2012.<\/p>\n<p>Una familia tipo podr\u00eda pagar en territorio bonaerense facturas de $80.000 en los primeros meses del invierno, si se suma la quita de subsidios al aumento de la tarifa que tiene que habilitar el Gobierno.<\/p>\n<p>En ese ejemplo, si se avanza con la quita de la bonificaci\u00f3n por zona fr\u00eda, que hoy rige para unas 90 ciudades y localidades ubicadas desde el centro hacia el sur del territorio, esa misma familia pagar\u00eda entre $104.000 y $120.000. Y eso porque al costo final habr\u00eda que sumar la reversi\u00f3n del beneficio, que rige desde 2021.<\/p>\n<p>En ese sentido, los legisladores remarcaron que \u201cla provincia de Buenos Aires pas\u00f3 de tener 11.200 usuarios y usuarias beneficiadas a casi 1,24 millones. Esta cantidad representa un 31% de los usuarios de gas por redes de esta jurisdicci\u00f3n y se estima en m\u00e1s de 3,5 millones de personas (22% de la poblaci\u00f3n)\u201d.<\/p>\n<p>\u201cEste beneficio implica un 30% o 50% de descuento sobre los cuadros tarifarios\u201d, indicaron Neumann y Balb\u00edn y advirtieron que \u201cla eliminaci\u00f3n de este beneficio entonces redundar\u00eda en un gran impacto para los bolsillos de la mayor\u00eda de los vecinos de la Provincia, en un contexto de alt\u00edsima inflaci\u00f3n y ajuste, y encima con el invierno por delante\u201d<\/p>\n<p>\u201cLa eliminaci\u00f3n de este beneficio entonces redundar\u00eda en un gran impacto para los bolsillos de la mayor\u00eda de los vecinos de la Provincia, en un contexto de alt\u00edsima inflaci\u00f3n y ajuste, y encima con el invierno por delante\u201d, finalizaron diciendo los legisladores radicales. <strong>(VW)<\/strong>.<\/p>\n","protected":false},"excerpt":{"rendered":"<p>M\u00e1s all\u00e1 de las subas que se esperan por quita de subsidios y ajustes, las facturas se encarecer\u00edan para 90 distritos entre 30% y 50% m\u00e1s.<\/p>\n","protected":false},"author":3,"featured_media":5853,"comment_status":"closed","ping_status":"closed","sticky":false,"template":"","format":"standard","meta":{"_monsterinsights_skip_tracking":false,"_monsterinsights_sitenote_active":false,"_monsterinsights_sitenote_note":"","_monsterinsights_sitenote_category":0,"footnotes":""},"categories":[1],"tags":[],"class_list":["post-13320","post","type-post","status-publish","format-standard","has-post-thumbnail","hentry","category-uncategorized"],"_links":{"self":[{"href":"https:\/\/www.visionweb.com.ar\/index.php?rest_route=\/wp\/v2\/posts\/13320","targetHints":{"allow":["GET"]}}],"collection":[{"href":"https:\/\/www.visionweb.com.ar\/index.php?rest_route=\/wp\/v2\/posts"}],"about":[{"href":"https:\/\/www.visionweb.com.ar\/index.php?rest_route=\/wp\/v2\/types\/post"}],"author":[{"embeddable":true,"href":"https:\/\/www.visionweb.com.ar\/index.php?rest_route=\/wp\/v2\/users\/3"}],"replies":[{"embeddable":true,"href":"https:\/\/www.visionweb.com.ar\/index.php?rest_route=%2Fwp%2Fv2%2Fcomments&post=13320"}],"version-history":[{"count":3,"href":"https:\/\/www.visionweb.com.ar\/index.php?rest_route=\/wp\/v2\/posts\/13320\/revisions"}],"predecessor-version":[{"id":13327,"href":"https:\/\/www.visionweb.com.ar\/index.php?rest_route=\/wp\/v2\/posts\/13320\/revisions\/13327"}],"wp:featuredmedia":[{"embeddable":true,"href":"https:\/\/www.visionweb.com.ar\/index.php?rest_route=\/wp\/v2\/media\/5853"}],"wp:attachment":[{"href":"https:\/\/www.visionweb.com.ar\/index.php?rest_route=%2Fwp%2Fv2%2Fmedia&parent=13320"}],"wp:term":[{"taxonomy":"category","embeddable":true,"href":"https:\/\/www.visionweb.com.ar\/index.php?rest_route=%2Fwp%2Fv2%2Fcategories&post=13320"},{"taxonomy":"post_tag","embeddable":true,"href":"https:\/\/www.visionweb.com.ar\/index.php?rest_route=%2Fwp%2Fv2%2Ftags&post=13320"}],"curies":[{"name":"wp","href":"https:\/\/api.w.org\/{rel}","templated":true}]}}