{"id":13312,"date":"2024-01-16T07:58:37","date_gmt":"2024-01-16T10:58:37","guid":{"rendered":"https:\/\/www.visionweb.com.ar\/?p=13312"},"modified":"2024-01-15T21:10:05","modified_gmt":"2024-01-16T00:10:05","slug":"en-2023-el-municipio-recolecto-6-mil-kilos-de-aparatos-electronicos","status":"publish","type":"post","link":"https:\/\/www.visionweb.com.ar\/?p=13312","title":{"rendered":"En 2023 el Municipio recolect\u00f3 6 mil kilos de aparatos electr\u00f3nicos"},"content":{"rendered":"<p><strong><em>Adem\u00e1s el Municipio sum\u00f3 seis nuevos centros de recepci\u00f3n. Desde que comenz\u00f3 el programa en el a\u00f1o 2009 la Comuna ya recolect\u00f3 327.679 kilogramos de RAEEs.<\/em><\/strong><!--more--><\/p>\n<p><strong><img loading=\"lazy\" decoding=\"async\" class=\"size-medium wp-image-13313 alignright\" src=\"https:\/\/www.visionweb.com.ar\/wp-content\/uploads\/2024\/01\/CENTROS-DE-RECOLECCION-300x236.png\" alt=\"\" width=\"300\" height=\"236\" srcset=\"https:\/\/www.visionweb.com.ar\/wp-content\/uploads\/2024\/01\/CENTROS-DE-RECOLECCION-300x236.png 300w, https:\/\/www.visionweb.com.ar\/wp-content\/uploads\/2024\/01\/CENTROS-DE-RECOLECCION.png 700w\" sizes=\"auto, (max-width: 300px) 100vw, 300px\" \/>D<\/strong>urante el a\u00f1o 2023 los centros de recepci\u00f3n, del municipio de Almirante Brown,\u00a0 recolectaron 6 mil kilos de Residuos de Aparatos El\u00e9ctricos y Electr\u00f3nicos (RAEEs) y sum\u00f3 nuevos puntos de recepci\u00f3n para seguir potenciando el cuidado del ambiente.<\/p>\n<p style=\"font-weight: 400;\">La iniciativa se enmarca en el programa \u00abBrown Verde\u00bb, de la Secretar\u00eda de Pol\u00edtica Ambiental y H\u00e1bitat local, que tiene como finalidad recolectar los aparatos el\u00e9ctricos y electr\u00f3nicos que se encuentran en desuso y que no sirven para el reciclado tradicional ya que contienen materiales t\u00f3xicos que al estar expuestos al ambiente natural pueden contaminar y resultar nocivos para la salud.<\/p>\n<p style=\"font-weight: 400;\">Desde que comenz\u00f3 el programa en el a\u00f1o 2009 la Comuna ya recolect\u00f3 327.679 kilogramos de RAEEs, de los cuales seis mil kilos fueron recepcionados durante 2023.<\/p>\n<p style=\"font-weight: 400;\">Adem\u00e1s, para el a\u00f1o que comienza el Municipio browniano contin\u00faa potenciando esta pol\u00edtica p\u00fablica y sum\u00f3 nuevos puntos fijos de recepci\u00f3n, contando con un total de 12, con amplia disponibilidad horaria.<\/p>\n<h3 style=\"text-align: center;\"><span style=\"color: #0000ff;\"><strong><em>El Programa se puso en marcha en 2009 y ya se recolectaron m\u00e1s de 327.000 kilos de materiales.<\/em><\/strong><\/span><\/h3>\n<p style=\"font-weight: 400;\">\u201cEn el marco del programa Brown Verde seguimos sumando puntos de recepci\u00f3n de dispositivos electr\u00f3nicos y el\u00e9ctricos y tambi\u00e9n con las campa\u00f1as de concientizaci\u00f3n sobre el cuidado del ambiente\u201d, remarc\u00f3 el intendente de Almirante Brown, Mariano Cascallares.<\/p>\n<p style=\"font-weight: 400;\">En estos espacios los vecinos y vecinas pueden dejar celulares, gps, calculadoras, modems, y electrodom\u00e9sticos grandes o peque\u00f1os como tostadoras, licuadoras o computadoras, entre muchos otros dispositivos. Cabe destacar, asimismo, que en dichos puntos no est\u00e1 permitido el arrojo de basura ni tampoco la deposici\u00f3n de pilas.<\/p>\n<p style=\"font-weight: 400;\">Como complemento, se sigue desarrollando en instituciones educativas una campa\u00f1a de recolecci\u00f3n de RAEEs que busca concientizar a las juventudes sobre el cuidado del ambiente. Con tales fines se brinda un taller para docentes y estudiantes y se abastece un contenedor durante dos semanas para que tanto desde la instituci\u00f3n como alumnas y alumnos puedan depositar los aparatos en desuso.<\/p>\n<p style=\"font-weight: 400;\">En este sentido, con el apoyo de Causa Com\u00fan Brown durante el a\u00f1o 2023 participaron de este programa el Instituto Cervantes de Rafael Calzada; el Jard\u00edn Nuestra Se\u00f1ora del Rosario de Malvinas Argentinas; el Greenfield College de Burzaco; el Instituto Fray Mamerto Esqui\u00fa de San Francisco Solano; el Instituto Juan Mantovani de Burzaco; la Escuela de Educaci\u00f3n Primaria N\u00b019 de Burzaco; y la Escuela de Educaci\u00f3n Primaria N\u00b0 31 de Glew, entre otras.<\/p>\n<p style=\"font-weight: 400;\"><b><strong>Puntos de recepci\u00f3n<\/strong><\/b><\/p>\n<ul>\n<li style=\"font-weight: 400;\"><strong>Burzaco<\/strong><\/li>\n<\/ul>\n<p style=\"font-weight: 400;\"><strong>-Supermercado ChangoM\u00e1s (Av. Espora 2074), lunes a domingo de 8 a 21 horas.<\/strong><\/p>\n<p style=\"font-weight: 400;\"><strong>-Comisi\u00f3n Mixta (L. M. Drago 2001), de lunes a viernes de 8 a 17 horas.<\/strong><\/p>\n<p style=\"font-weight: 400;\"><strong>-Fueguitos Brown (Quintana N\u00ba639), lunes a viernes de 8 a 14 horas.<\/strong><\/p>\n<ul>\n<li style=\"font-weight: 400;\"><strong>Claypole<\/strong><\/li>\n<\/ul>\n<p style=\"font-weight: 400;\"><strong>-Supermercado ChangoM\u00e1s (Lacaze N\u00b03899) de lunes a domingo de 8 a 21.30 horas.<\/strong><\/p>\n<ul>\n<li style=\"font-weight: 400;\"><strong>Glew<\/strong><\/li>\n<\/ul>\n<p style=\"font-weight: 400;\"><strong>-Supermercado Carrefour (H. Yrigoyen N\u00b020.260), de lunes a domingo de 8 a 21 horas.<\/strong><\/p>\n<ul>\n<li style=\"font-weight: 400;\"><strong>Adrogu\u00e9<\/strong><\/li>\n<\/ul>\n<p style=\"font-weight: 400;\"><strong>-Supermercado Disco (Amenedo N\u00b0302), de lunes a domingo de 8 a 21 horas.<\/strong><\/p>\n<p style=\"font-weight: 400;\"><strong>-Carrefour Market (Segu\u00ed N\u00b0649), de lunes a domingo de 8 a 21.30 horas.<\/strong><\/p>\n<p style=\"font-weight: 400;\"><strong>-Hipermercado Carrefour (H. Yrigoyen 13.500) \u2013 lunes a domingo de 8 a 21 horas.<\/strong><\/p>\n<p style=\"font-weight: 400;\"><strong>-Secretar\u00eda de Pol\u00edtica Ambiental y H\u00e1bitat (Cerreti N\u00ba912), de lunes a viernes de 8 a 14 horas.<\/strong><\/p>\n<ul>\n<li style=\"font-weight: 400;\"><strong>Jos\u00e9 M\u00e1rmol<\/strong><\/li>\n<\/ul>\n<p style=\"font-weight: 400;\"><strong>-Delegaci\u00f3n Municipal (Bynnon y 20 de septiembre), de lunes a viernes de 8 a 14 horas.<\/strong><\/p>\n<ul>\n<li style=\"font-weight: 400;\"><strong>Longchamps<\/strong><\/li>\n<\/ul>\n<p style=\"font-weight: 400;\"><strong>Delegaci\u00f3n Municipal (Dr. L. Chiesa, esquina Burgwardt), de lunes a viernes de 8 a 14 horas.<\/strong><\/p>\n<ul>\n<li style=\"font-weight: 400;\"><strong>Rafael Calzada<\/strong><\/li>\n<\/ul>\n<p style=\"font-weight: 400;\"><strong>-Delegaci\u00f3n Municipal (Gral. G\u00fcemes, 1799), de lunes a viernes de 8 a 14 horas(VW).<\/strong><\/p>\n","protected":false},"excerpt":{"rendered":"<p>Adem\u00e1s el Municipio sum\u00f3 seis nuevos centros de recepci\u00f3n. Desde que comenz\u00f3 el programa en el a\u00f1o 2009 la Comuna ya recolect\u00f3 327.679 kilogramos de RAEEs.<\/p>\n","protected":false},"author":3,"featured_media":13313,"comment_status":"closed","ping_status":"closed","sticky":false,"template":"","format":"standard","meta":{"_monsterinsights_skip_tracking":false,"_monsterinsights_sitenote_active":false,"_monsterinsights_sitenote_note":"","_monsterinsights_sitenote_category":0,"footnotes":""},"categories":[8],"tags":[3233,5534,41],"class_list":["post-13312","post","type-post","status-publish","format-standard","has-post-thumbnail","hentry","category-interes-general","tag-electrodomesticos","tag-informaticos","tag-insumos"],"_links":{"self":[{"href":"https:\/\/www.visionweb.com.ar\/index.php?rest_route=\/wp\/v2\/posts\/13312","targetHints":{"allow":["GET"]}}],"collection":[{"href":"https:\/\/www.visionweb.com.ar\/index.php?rest_route=\/wp\/v2\/posts"}],"about":[{"href":"https:\/\/www.visionweb.com.ar\/index.php?rest_route=\/wp\/v2\/types\/post"}],"author":[{"embeddable":true,"href":"https:\/\/www.visionweb.com.ar\/index.php?rest_route=\/wp\/v2\/users\/3"}],"replies":[{"embeddable":true,"href":"https:\/\/www.visionweb.com.ar\/index.php?rest_route=%2Fwp%2Fv2%2Fcomments&post=13312"}],"version-history":[{"count":1,"href":"https:\/\/www.visionweb.com.ar\/index.php?rest_route=\/wp\/v2\/posts\/13312\/revisions"}],"predecessor-version":[{"id":13314,"href":"https:\/\/www.visionweb.com.ar\/index.php?rest_route=\/wp\/v2\/posts\/13312\/revisions\/13314"}],"wp:featuredmedia":[{"embeddable":true,"href":"https:\/\/www.visionweb.com.ar\/index.php?rest_route=\/wp\/v2\/media\/13313"}],"wp:attachment":[{"href":"https:\/\/www.visionweb.com.ar\/index.php?rest_route=%2Fwp%2Fv2%2Fmedia&parent=13312"}],"wp:term":[{"taxonomy":"category","embeddable":true,"href":"https:\/\/www.visionweb.com.ar\/index.php?rest_route=%2Fwp%2Fv2%2Fcategories&post=13312"},{"taxonomy":"post_tag","embeddable":true,"href":"https:\/\/www.visionweb.com.ar\/index.php?rest_route=%2Fwp%2Fv2%2Ftags&post=13312"}],"curies":[{"name":"wp","href":"https:\/\/api.w.org\/{rel}","templated":true}]}}