{"id":13303,"date":"2024-01-15T10:02:29","date_gmt":"2024-01-15T13:02:29","guid":{"rendered":"https:\/\/www.visionweb.com.ar\/?p=13303"},"modified":"2024-01-15T10:02:29","modified_gmt":"2024-01-15T13:02:29","slug":"gremios-estatales-realizaran-hoy-una-jornada-de-lucha-contra-ajustes-y-despidos-en-el-cck","status":"publish","type":"post","link":"https:\/\/www.visionweb.com.ar\/?p=13303","title":{"rendered":"Gremios estatales realizar\u00e1n hoy una jornada de lucha \u00abcontra ajustes y despidos\u00bb, en el CCK"},"content":{"rendered":"<p><em><strong>ATE, CTA y CTA-A y otras organizaciones estatales se concentrar\u00e1n en el Centro Cultural Kirchner para reclamar en contra de las medidas y la \u00ablicuaci\u00f3n de salarios\u00bb.<\/strong><\/em><!--more--><\/p>\n<p><strong><img loading=\"lazy\" decoding=\"async\" class=\"size-medium wp-image-13304 alignright\" src=\"https:\/\/www.visionweb.com.ar\/wp-content\/uploads\/2024\/01\/Ate-cta-jornada-de-lucha-300x239.png\" alt=\"\" width=\"300\" height=\"239\" srcset=\"https:\/\/www.visionweb.com.ar\/wp-content\/uploads\/2024\/01\/Ate-cta-jornada-de-lucha-300x239.png 300w, https:\/\/www.visionweb.com.ar\/wp-content\/uploads\/2024\/01\/Ate-cta-jornada-de-lucha.png 431w\" sizes=\"auto, (max-width: 300px) 100vw, 300px\" \/>\u00a0 \u00a0 \u00a0E<\/strong>l Frente de gremios estatales realizar\u00e1 este lunes una \u00abjornada nacional de lucha\u00bb frente a las puertas del Centro Cultural Kirchner (CCK) \u00abcontra el ajuste, el desguace y los despidos en distintas \u00e1reas del Estado\u00bb.<\/p>\n<p>A partir de las<strong>\u00a0<\/strong>11, el frente gremial que incluye a\u00a0<strong>ATE, CTA y CTA-A, entre otras organizaciones<\/strong>, concentrar\u00e1 en el CCK, y la acci\u00f3n se extender\u00e1 a otros puntos del pa\u00eds, y cada provincia \u00abdefinir\u00e1 sus propias modalidades de protesta\u00bb.<\/p>\n<p><strong>Este frente convoc\u00f3 a una \u00abjornada de lucha\u00bb para \u00abponer de manifiesto no s\u00f3lo que rechazamos los despidos, la cesant\u00eda sin causa justificada, sino fundamentalmente que empezamos a hablar de aquello que el Gobierno no quiere, que es la licuaci\u00f3n de nuestros salarios\u00bb<\/strong>, expres\u00f3 a T\u00e9lam el secretario General de ATE Nacional, <strong>Rodolfo Aguiar<\/strong>.<\/p>\n<p>\u00abEl Gobierno despide del Estado por varias v\u00edas, por carta documento pero tambi\u00e9n por una rebaja salarial constante que es la que est\u00e1 aplicando con sus medidas,\u00a0<strong>con un 25,5% de inflaci\u00f3n s\u00f3lo en el mes de diciembre o con su intento de eliminar las horas extras\u00bb, denunci\u00f3 Aguiar.<\/strong><\/p>\n<p>Sobre las intimaciones de pagos millonarios del Gobierno nacional a m\u00e1s de 20 gremios y organizaciones sociales en concepto de multas por los gastos del operativo de seguridad en las protestas del 22 y 27 de diciembre, Aguiar consider\u00f3 que se trata de \u00abun intento de disciplinar, amedrentar e infundir miedo y temor\u00bb.<\/p>\n<p><strong>\u201cEstamos enfrentando un ajuste potente y regresivo que se impulsa a nivel nacional y r\u00e1pidamente se dispara a las provincias y municipios\u201d<\/strong>, se\u00f1al\u00f3 el secretario general del sindicato, quien a la vez destac\u00f3 que \u00absi a esto sumamos el intento de quitar las horas extras, se le est\u00e1 dando un golpe de gracia a los salarios m\u00e1s bajos\u00bb.<\/p>\n<p>En ese sentido, desde el gremio se demanda \u00abla inmediata reincorporaci\u00f3n de todos los trabajadores que han sido despedidos sin causa justificada y que afectan el funcionamiento de numerosas \u00e1reas del Estado ya que los mismos cumplen roles esenciales y realizan tareas indispensables\u201d.<\/p>\n<p>ATE resalt\u00f3 que\u00a0<strong>el pasado s\u00e1bado el sindicato \u00abrechaz\u00f3 la carta documento recibida por parte del Ministerio de Seguridad\u00bb por la que se intima a la organizaci\u00f3n gremial a pagar m\u00e1s de 56 millones de pesos por un operativo de seguridad.<\/strong><\/p>\n<p>En respuesta, se \u00abenvi\u00f3 durante las \u00faltimas horas una carta documento firmada por Rodolfo Aguiar, en la cual se exigi\u00f3 el cese del absurdo, irrazonable e ilegal intento de enriquecimiento sin causa\u00bb en una notificaci\u00f3n formal remitida a la ministra de Capital Humano, Sandra Pettovello. <strong>(VW)<\/strong><\/p>\n","protected":false},"excerpt":{"rendered":"<p>ATE, CTA y CTA-A y otras organizaciones estatales se concentrar\u00e1n en el Centro Cultural Kirchner para reclamar en contra de las medidas y la \u00ablicuaci\u00f3n de salarios\u00bb.<\/p>\n","protected":false},"author":4,"featured_media":13304,"comment_status":"closed","ping_status":"closed","sticky":false,"template":"","format":"standard","meta":{"_monsterinsights_skip_tracking":false,"_monsterinsights_sitenote_active":false,"_monsterinsights_sitenote_note":"","_monsterinsights_sitenote_category":0,"footnotes":""},"categories":[4,5],"tags":[5531,2719,5532,5530,5396],"class_list":["post-13303","post","type-post","status-publish","format-standard","has-post-thumbnail","hentry","category-politica","category-sociedad","tag-jornada-nacional-de-lucha","tag-ate","tag-cck","tag-cta-y-cta-a","tag-rodolfo-aguiar"],"_links":{"self":[{"href":"https:\/\/www.visionweb.com.ar\/index.php?rest_route=\/wp\/v2\/posts\/13303","targetHints":{"allow":["GET"]}}],"collection":[{"href":"https:\/\/www.visionweb.com.ar\/index.php?rest_route=\/wp\/v2\/posts"}],"about":[{"href":"https:\/\/www.visionweb.com.ar\/index.php?rest_route=\/wp\/v2\/types\/post"}],"author":[{"embeddable":true,"href":"https:\/\/www.visionweb.com.ar\/index.php?rest_route=\/wp\/v2\/users\/4"}],"replies":[{"embeddable":true,"href":"https:\/\/www.visionweb.com.ar\/index.php?rest_route=%2Fwp%2Fv2%2Fcomments&post=13303"}],"version-history":[{"count":1,"href":"https:\/\/www.visionweb.com.ar\/index.php?rest_route=\/wp\/v2\/posts\/13303\/revisions"}],"predecessor-version":[{"id":13305,"href":"https:\/\/www.visionweb.com.ar\/index.php?rest_route=\/wp\/v2\/posts\/13303\/revisions\/13305"}],"wp:featuredmedia":[{"embeddable":true,"href":"https:\/\/www.visionweb.com.ar\/index.php?rest_route=\/wp\/v2\/media\/13304"}],"wp:attachment":[{"href":"https:\/\/www.visionweb.com.ar\/index.php?rest_route=%2Fwp%2Fv2%2Fmedia&parent=13303"}],"wp:term":[{"taxonomy":"category","embeddable":true,"href":"https:\/\/www.visionweb.com.ar\/index.php?rest_route=%2Fwp%2Fv2%2Fcategories&post=13303"},{"taxonomy":"post_tag","embeddable":true,"href":"https:\/\/www.visionweb.com.ar\/index.php?rest_route=%2Fwp%2Fv2%2Ftags&post=13303"}],"curies":[{"name":"wp","href":"https:\/\/api.w.org\/{rel}","templated":true}]}}