{"id":13296,"date":"2024-01-15T09:40:20","date_gmt":"2024-01-15T12:40:20","guid":{"rendered":"https:\/\/www.visionweb.com.ar\/?p=13296"},"modified":"2024-01-15T09:40:20","modified_gmt":"2024-01-15T12:40:20","slug":"versiones-sobre-un-nuevo-patacon-en-la-provincia","status":"publish","type":"post","link":"https:\/\/www.visionweb.com.ar\/?p=13296","title":{"rendered":"Versiones sobre un nuevo Patac\u00f3n en la Provincia"},"content":{"rendered":"<p><em><strong>Contin\u00faa la idea de que la Provincia avance con\u00a0su propia moneda ante el desfinanciamiento, y los gremios tambi\u00e9n evaluaron la posibilidad de cobrar en moneda bonaerense.\u00a0<\/strong><\/em><!--more--><\/p>\n<p><strong><img loading=\"lazy\" decoding=\"async\" class=\"size-medium wp-image-13297 alignright\" src=\"https:\/\/www.visionweb.com.ar\/wp-content\/uploads\/2024\/01\/Patacon-300x163.png\" alt=\"\" width=\"300\" height=\"163\" srcset=\"https:\/\/www.visionweb.com.ar\/wp-content\/uploads\/2024\/01\/Patacon-300x163.png 300w, https:\/\/www.visionweb.com.ar\/wp-content\/uploads\/2024\/01\/Patacon.png 619w\" sizes=\"auto, (max-width: 300px) 100vw, 300px\" \/>\u00a0 \u00a0L<\/strong>a provincia de Buenos Aires <strong>podr\u00eda lanzar una<\/strong> cuasimoneda para afrontar la falta de recursos en el nuevo escenario nacional y econ\u00f3mico, aunque por el momento son s\u00f3lo supuestos.<\/p>\n<p>La primera se\u00f1al en ese sentido la dio el ministro de Gobierno bonaerense,\u00a0<strong>Carlos Bianco<\/strong>, quien ya a mediados de diciembre, dijo p\u00fablicamente que el Estado bonaerense tiene la facultad de crear una moneda local.<\/p>\n<p><strong>\u00abLa provincia puede emitir moneda propia por los pactos preexistentes a la Constituci\u00f3n Nacional\u00bb<\/strong>.<\/p>\n<p>El an\u00e1lisis que hacen los dirigentes es que para marzo ya podr\u00eda implementarse con el argumento de que es la \u00fanica herramienta que\u00a0<strong>\u201cva a garantizar que no se d\u00e9 marcha atr\u00e1s con derechos conseguidos y ampliados en la Provincia\u201d.<\/strong><\/p>\n<p>La conclusi\u00f3n que sacan, es que con la puesta en marcha de una moneda propia bajar\u00eda la circulaci\u00f3n de los pesos y si, por ejemplo, se usara en programas como los beneficios de Cuenta DNI le dar\u00eda una mayor circulaci\u00f3n y respaldo social.<\/p>\n<p><strong>\u201cFrente a una situaci\u00f3n de extrema emergencia como la que encaramos, todos los recursos y las posibilidades van a ser exploradas. Estamos frente a un proceso muy agresivo\u201d,\u00a0<\/strong>se\u00f1al\u00f3 al respecto el ministro de Desarrollo de la Comunidad bonaerense,\u00a0<strong>Andr\u00e9s Larroque<\/strong>.<\/p>\n<p>En esa evaluaci\u00f3n, a\u00f1adi\u00f3 en di\u00e1logo con AM710: \u201cCreo que, en t\u00e9rminos pol\u00edticos, cuando vemos un proceso tan agresivo contra la moneda nacional, no queda otra alternativa que defender a los bonaerenses y en ese sentido todos los mecanismos van a ser explorados\u201d.<\/p>\n<p>A la vez, el tema escal\u00f3 hasta a los gremios, cuando el \u00faltimo martes durante la mesa paritaria entre estatales y el Gobierno, donde desde UPCN consultaron si era una opci\u00f3n, aunque no hubo una respuesta concreta. <strong>(VW)<\/strong><\/p>\n<p>&nbsp;<\/p>\n","protected":false},"excerpt":{"rendered":"<p>Contin\u00faa la idea de que la Provincia avance con\u00a0su propia moneda ante el desfinanciamiento, y los gremios tambi\u00e9n evaluaron la posibilidad de cobrar en moneda bonaerense.\u00a0<\/p>\n","protected":false},"author":4,"featured_media":13297,"comment_status":"closed","ping_status":"closed","sticky":false,"template":"","format":"standard","meta":{"_monsterinsights_skip_tracking":false,"_monsterinsights_sitenote_active":false,"_monsterinsights_sitenote_note":"","_monsterinsights_sitenote_category":0,"footnotes":""},"categories":[6,4],"tags":[167,5528,5527,356,5529],"class_list":["post-13296","post","type-post","status-publish","format-standard","has-post-thumbnail","hentry","category-economia","category-politica","tag-kicillof","tag-moneda-local","tag-patacones","tag-provincia","tag-versiones"],"_links":{"self":[{"href":"https:\/\/www.visionweb.com.ar\/index.php?rest_route=\/wp\/v2\/posts\/13296","targetHints":{"allow":["GET"]}}],"collection":[{"href":"https:\/\/www.visionweb.com.ar\/index.php?rest_route=\/wp\/v2\/posts"}],"about":[{"href":"https:\/\/www.visionweb.com.ar\/index.php?rest_route=\/wp\/v2\/types\/post"}],"author":[{"embeddable":true,"href":"https:\/\/www.visionweb.com.ar\/index.php?rest_route=\/wp\/v2\/users\/4"}],"replies":[{"embeddable":true,"href":"https:\/\/www.visionweb.com.ar\/index.php?rest_route=%2Fwp%2Fv2%2Fcomments&post=13296"}],"version-history":[{"count":1,"href":"https:\/\/www.visionweb.com.ar\/index.php?rest_route=\/wp\/v2\/posts\/13296\/revisions"}],"predecessor-version":[{"id":13298,"href":"https:\/\/www.visionweb.com.ar\/index.php?rest_route=\/wp\/v2\/posts\/13296\/revisions\/13298"}],"wp:featuredmedia":[{"embeddable":true,"href":"https:\/\/www.visionweb.com.ar\/index.php?rest_route=\/wp\/v2\/media\/13297"}],"wp:attachment":[{"href":"https:\/\/www.visionweb.com.ar\/index.php?rest_route=%2Fwp%2Fv2%2Fmedia&parent=13296"}],"wp:term":[{"taxonomy":"category","embeddable":true,"href":"https:\/\/www.visionweb.com.ar\/index.php?rest_route=%2Fwp%2Fv2%2Fcategories&post=13296"},{"taxonomy":"post_tag","embeddable":true,"href":"https:\/\/www.visionweb.com.ar\/index.php?rest_route=%2Fwp%2Fv2%2Ftags&post=13296"}],"curies":[{"name":"wp","href":"https:\/\/api.w.org\/{rel}","templated":true}]}}