{"id":13273,"date":"2024-01-11T11:47:18","date_gmt":"2024-01-11T14:47:18","guid":{"rendered":"https:\/\/www.visionweb.com.ar\/?p=13273"},"modified":"2024-01-11T11:47:18","modified_gmt":"2024-01-11T14:47:18","slug":"la-venta-de-medicamentos-cayo-un-19-en-diciembre-y-hoy-2-de-cada-10-personas-no-llegan-a-comprarlos","status":"publish","type":"post","link":"https:\/\/www.visionweb.com.ar\/?p=13273","title":{"rendered":"La venta de medicamentos cay\u00f3 un 19% en diciembre, y hoy 2 de cada 10 personas no llegan a comprarlos"},"content":{"rendered":"<p><em><strong>Desde el Centro de Profesionales Farmac\u00e9uticos de Argentina dijeron que los medicamentos subieron entre 90% y 140% su precio.\u00a0El ministro de Salud bonaerense se mostr\u00f3 preocupado por la suba muy por encima de la inflaci\u00f3n. \u201cEn ninguna otra parte del mundo el precio de los medicamentos es libre\u201d, dijo.\u00a0<\/strong><\/em><!--more--><\/p>\n<p><strong>\u00a0\u00a0 <img loading=\"lazy\" decoding=\"async\" class=\"size-full wp-image-10643 alignright\" src=\"https:\/\/www.visionweb.com.ar\/wp-content\/uploads\/2023\/05\/farmacias.png\" alt=\"\" width=\"220\" height=\"147\" \/> E<\/strong>l ministro de Salud bonaerense, <strong>Nicol\u00e1s Kreplak<\/strong>, advirti\u00f3 este jueves \u201cque dos de cada 10 personas hoy no est\u00e1n pudiendo acceder a los remedios que necesitan\u201d, y expres\u00f3 que en ninguna parte del mundo, salvo ahora en Argentina, el precio de los f\u00e1rmacos es libre.<\/p>\n<p>Kreplak escribi\u00f3 en sus redes sociales que \u201cSeg\u00fan c\u00e1lculos del Centro de Profesionales Farmac\u00e9uticos de Argentina, la venta de medicamentos cay\u00f3 un 19%. Esto significa que dos de cada 10 personas hoy no est\u00e1n pudiendo acceder a los medicamentos que necesitan\u201d.<\/p>\n<p>En ese sentido, agreg\u00f3: \u201cCabe destacar que en ninguna otra parte del mundo el precio de los medicamentos es libre. Ahora en Argentina s\u00ed\u201d.<\/p>\n<p>El\u00a0<strong>mega DNU<\/strong>\u00a0del nuevo gobierno\u00a0<strong>desregul\u00f3 los precios<\/strong>\u00a0y<strong>\u00a0elimin\u00f3 los controles<\/strong>\u00a0que exist\u00edan, \u00ab<strong>Todo eso ya est\u00e1 costando vidas y seguir\u00e1 sucediendo as\u00ed<\/strong>\u00ab, advirti\u00f3 Kreplak en ese sentido.<\/p>\n<p>Seg\u00fan la Confederaci\u00f3n Argentina de la Mediana Empresa (<strong>CAME<\/strong>), en diciembre\u00a0<strong>las ventas minoristas en farmacias sufrieron una baja del 19 por ciento anual<\/strong>\u00a0y fue el segundo rubro que m\u00e1s se retrajo sobre el cierre de 2023. \u00abLas farmacias vendieron por debajo de lo esperado, afectadas por la\u00a0<strong>falta de productos<\/strong>, las\u00a0<strong>subas de precios<\/strong>\u00a0y\u00a0<strong>consumidores que se orientaron a llevar el medicamento m\u00e1s econ\u00f3mico<\/strong>\u00a0de la droga buscada\u00bb, precisaron en un informe.<\/p>\n<p>Por su parte, desde el Centro de Profesionales Farmac\u00e9uticos Argentinos (<strong>Ceprofar<\/strong>), informaron que los medicamentos ya cuestan el doble de lo que costaban en noviembre.<\/p>\n<p>Seg\u00fan un relevamiento de la entidad, los precios acumularon un aumento del\u00a0<strong>319,1 por ciento<\/strong>\u00a0entre enero y diciembre de 2023. A su vez,\u00a0<strong>solo entre noviembre y diciembre las subas oscilaron entre el 90 y el 140 por ciento<\/strong>.<\/p>\n<p>Rub\u00e9n Sajem, director del CeProFAr, confirm\u00f3 ayer a la Agencia DIb, que seg\u00fan sus datos, el nivel de aumentos, que calific\u00f3 de \u201cdesproporcionados, llegan al 140%\u201d y por lo tanto \u201choy cuestan el doble y un tratamiento para la hipertensi\u00f3n pas\u00f3 de $35.000 a $70.000\u201d.<\/p>\n<p>A la vez indic\u00f3: \u201cEstamos advirtiendo que como las obras sociales \u2013incluso el PAMI- se nutre de los salarios que aumentan al nivel de la inflaci\u00f3n como mucho, el riesgo es que los usuarios no tengan recursos para seguir con la gratuidad de los medicamentos y su cobertura\u201d.<\/p>\n<p>Al respecto, se\u00f1al\u00f3 que \u201chay que regular el sistema\u201d ya que \u201cen ning\u00fan pa\u00eds del mundo pasa que los laboratorios aumentan los precios sin control, como lo est\u00e1n haciendo ahora\u201d.<\/p>\n<p>En ese sentido, el titular del CeproFAr apunt\u00f3 que desde Naci\u00f3n \u201chay una concepci\u00f3n ideol\u00f3gica de que se desregule todo de acuerdo a la oferta y la demanda\u201d a la cual calific\u00f3 como \u201cequivocada\u201d.<\/p>\n<p>Y a\u00f1adi\u00f3: \u201cNo puede haber una libertad para poner precios por parte de los laboratorios\u201d porque \u201cdel lado del paciente no existe tal cosa como la libertad para enfermarse o morirse. Nadie lo quiere, no funciona as\u00ed\u201d. <strong>(VW)<\/strong><\/p>\n","protected":false},"excerpt":{"rendered":"<p>Desde el Centro de Profesionales Farmac\u00e9uticos de Argentina dijeron que los medicamentos subieron entre 90% y 140% su precio.\u00a0El ministro de Salud bonaerense se mostr\u00f3 preocupado por la suba muy por encima de la&#46;&#46;&#46;<\/p>\n","protected":false},"author":4,"featured_media":10643,"comment_status":"closed","ping_status":"closed","sticky":false,"template":"","format":"standard","meta":{"_monsterinsights_skip_tracking":false,"_monsterinsights_sitenote_active":false,"_monsterinsights_sitenote_note":"","_monsterinsights_sitenote_category":0,"footnotes":""},"categories":[6,5],"tags":[141,309,5518,359,1280,100],"class_list":["post-13273","post","type-post","status-publish","format-standard","has-post-thumbnail","hentry","category-economia","category-sociedad","tag-aumentos","tag-came","tag-ceprofar","tag-kreplak","tag-medicamentos","tag-salud"],"_links":{"self":[{"href":"https:\/\/www.visionweb.com.ar\/index.php?rest_route=\/wp\/v2\/posts\/13273","targetHints":{"allow":["GET"]}}],"collection":[{"href":"https:\/\/www.visionweb.com.ar\/index.php?rest_route=\/wp\/v2\/posts"}],"about":[{"href":"https:\/\/www.visionweb.com.ar\/index.php?rest_route=\/wp\/v2\/types\/post"}],"author":[{"embeddable":true,"href":"https:\/\/www.visionweb.com.ar\/index.php?rest_route=\/wp\/v2\/users\/4"}],"replies":[{"embeddable":true,"href":"https:\/\/www.visionweb.com.ar\/index.php?rest_route=%2Fwp%2Fv2%2Fcomments&post=13273"}],"version-history":[{"count":1,"href":"https:\/\/www.visionweb.com.ar\/index.php?rest_route=\/wp\/v2\/posts\/13273\/revisions"}],"predecessor-version":[{"id":13274,"href":"https:\/\/www.visionweb.com.ar\/index.php?rest_route=\/wp\/v2\/posts\/13273\/revisions\/13274"}],"wp:featuredmedia":[{"embeddable":true,"href":"https:\/\/www.visionweb.com.ar\/index.php?rest_route=\/wp\/v2\/media\/10643"}],"wp:attachment":[{"href":"https:\/\/www.visionweb.com.ar\/index.php?rest_route=%2Fwp%2Fv2%2Fmedia&parent=13273"}],"wp:term":[{"taxonomy":"category","embeddable":true,"href":"https:\/\/www.visionweb.com.ar\/index.php?rest_route=%2Fwp%2Fv2%2Fcategories&post=13273"},{"taxonomy":"post_tag","embeddable":true,"href":"https:\/\/www.visionweb.com.ar\/index.php?rest_route=%2Fwp%2Fv2%2Ftags&post=13273"}],"curies":[{"name":"wp","href":"https:\/\/api.w.org\/{rel}","templated":true}]}}