{"id":13269,"date":"2024-01-11T10:47:51","date_gmt":"2024-01-11T13:47:51","guid":{"rendered":"https:\/\/www.visionweb.com.ar\/?p=13269"},"modified":"2024-01-11T10:47:51","modified_gmt":"2024-01-11T13:47:51","slug":"reduccion-de-horas-a-docentes-y-estatales-una-oferta-de-la-provincia-para-compensar-en-las-paritarias","status":"publish","type":"post","link":"https:\/\/www.visionweb.com.ar\/?p=13269","title":{"rendered":"Reducci\u00f3n de horas a docentes y estatales, una oferta de la Provincia para \u00abcompensar\u00bb en las paritarias"},"content":{"rendered":"<p><em><strong>en la Provincia ofrecieron alternativas como la reducci\u00f3n de jornada laboral por las dificultades que se avizoran de inflaci\u00f3n.<\/strong><\/em><!--more--><\/p>\n<p><img loading=\"lazy\" decoding=\"async\" class=\"size-medium wp-image-7951 alignright\" src=\"https:\/\/www.visionweb.com.ar\/wp-content\/uploads\/2022\/10\/Kicillof-archivo-300x246.jpg\" alt=\"\" width=\"300\" height=\"246\" srcset=\"https:\/\/www.visionweb.com.ar\/wp-content\/uploads\/2022\/10\/Kicillof-archivo-300x246.jpg 300w, https:\/\/www.visionweb.com.ar\/wp-content\/uploads\/2022\/10\/Kicillof-archivo.bmp 620w\" sizes=\"auto, (max-width: 300px) 100vw, 300px\" \/>\u00a0\u00a0 <strong>L<\/strong>a gesti\u00f3n de\u00a0<strong>Axel Kicillof<\/strong>\u00a0<strong>contin\u00faa en negociaciones con los sindicatos docentes y estatales en las negociaciones paritarias del 2024<\/strong>, que giran en torno a compensaciones para que el desequilibrio a los ingresos sea el menor posible.<\/p>\n<p>A\u00fan no hay cifras oficiales, aunque el aumento equivaldr\u00e1 a la inflaci\u00f3n y podr\u00eda ser de un 20 por ciento de incremento al salario de 2023.<\/p>\n<p>El principal planteo por parte de los gremios estatales fue un<strong> pedido de reducci\u00f3n de la jornada laboral, de 40 a 30 horas semanales. Es decir, trabajar 6 horas diarias<\/strong>.<\/p>\n<p>Fuentes gremiales indicaron que \u00abAlgunos tenemos r\u00e9gimen de 48 horas semanales. No existe en el mundo eso\u00bb, y algo similar se negocia para los docentes, adelantaron.<\/p>\n<p>As\u00ed, la oferta de los gremios estatales y docentes que militan en l\u00ednea al gobernador pasar\u00eda por aceptar una reducci\u00f3n de la jornada laboral para trabajar<strong>\u00a0seis horas diarias: una semana laboral no de 40 sino de 30 horas.<\/strong><\/p>\n<p>Cambiar\u00edan<strong>\u00a0tiempo libre en el que no tendr\u00e1n dinero para gastar,<\/strong>\u00a0pero podr\u00e1n sumar alguna changa.<\/p>\n<p>La otra cuesti\u00f3n se presenta para los empleados\u00a0<strong>en condiciones de jubilarse que ver\u00edan como sus retiros dejan de valer nada, para valer nada de nada (como todos los jubilados).<\/strong><\/p>\n<p>Este jueves habr\u00e1 reuni\u00f3n y si no hay acuerdo se estima que las paritarias\u00a0<strong>se cerrar\u00e1n por decreto<\/strong>. <strong>(VW)<\/strong><\/p>\n<p>&nbsp;<\/p>\n","protected":false},"excerpt":{"rendered":"<p>en la Provincia ofrecieron alternativas como la reducci\u00f3n de jornada laboral por las dificultades que se avizoran de inflaci\u00f3n.<\/p>\n","protected":false},"author":4,"featured_media":7951,"comment_status":"closed","ping_status":"closed","sticky":false,"template":"","format":"standard","meta":{"_monsterinsights_skip_tracking":false,"_monsterinsights_sitenote_active":false,"_monsterinsights_sitenote_note":"","_monsterinsights_sitenote_category":0,"footnotes":""},"categories":[4,5],"tags":[167,158,356],"class_list":["post-13269","post","type-post","status-publish","format-standard","has-post-thumbnail","hentry","category-politica","category-sociedad","tag-kicillof","tag-paritarias","tag-provincia"],"_links":{"self":[{"href":"https:\/\/www.visionweb.com.ar\/index.php?rest_route=\/wp\/v2\/posts\/13269","targetHints":{"allow":["GET"]}}],"collection":[{"href":"https:\/\/www.visionweb.com.ar\/index.php?rest_route=\/wp\/v2\/posts"}],"about":[{"href":"https:\/\/www.visionweb.com.ar\/index.php?rest_route=\/wp\/v2\/types\/post"}],"author":[{"embeddable":true,"href":"https:\/\/www.visionweb.com.ar\/index.php?rest_route=\/wp\/v2\/users\/4"}],"replies":[{"embeddable":true,"href":"https:\/\/www.visionweb.com.ar\/index.php?rest_route=%2Fwp%2Fv2%2Fcomments&post=13269"}],"version-history":[{"count":1,"href":"https:\/\/www.visionweb.com.ar\/index.php?rest_route=\/wp\/v2\/posts\/13269\/revisions"}],"predecessor-version":[{"id":13270,"href":"https:\/\/www.visionweb.com.ar\/index.php?rest_route=\/wp\/v2\/posts\/13269\/revisions\/13270"}],"wp:featuredmedia":[{"embeddable":true,"href":"https:\/\/www.visionweb.com.ar\/index.php?rest_route=\/wp\/v2\/media\/7951"}],"wp:attachment":[{"href":"https:\/\/www.visionweb.com.ar\/index.php?rest_route=%2Fwp%2Fv2%2Fmedia&parent=13269"}],"wp:term":[{"taxonomy":"category","embeddable":true,"href":"https:\/\/www.visionweb.com.ar\/index.php?rest_route=%2Fwp%2Fv2%2Fcategories&post=13269"},{"taxonomy":"post_tag","embeddable":true,"href":"https:\/\/www.visionweb.com.ar\/index.php?rest_route=%2Fwp%2Fv2%2Ftags&post=13269"}],"curies":[{"name":"wp","href":"https:\/\/api.w.org\/{rel}","templated":true}]}}