{"id":13267,"date":"2024-01-10T11:37:16","date_gmt":"2024-01-10T14:37:16","guid":{"rendered":"https:\/\/www.visionweb.com.ar\/?p=13267"},"modified":"2024-01-10T11:37:16","modified_gmt":"2024-01-10T14:37:16","slug":"aumentaron-los-casos-de-covid-19-en-las-ultimas-semanas","status":"publish","type":"post","link":"https:\/\/www.visionweb.com.ar\/?p=13267","title":{"rendered":"Aumentaron los casos de Covid-19 en las \u00faltimas semanas"},"content":{"rendered":"<p><em><strong>Es algo de lo que ya casi no se habla, parec\u00eda historia antigua, pero en la provincia de Buenos Aires subieron de 15 casos diarios promedio a 34.<\/strong><\/em><!--more--><\/p>\n<div id=\"attachment_2584\" style=\"width: 310px\" class=\"wp-caption alignright\"><img loading=\"lazy\" decoding=\"async\" aria-describedby=\"caption-attachment-2584\" class=\"wp-image-2584 size-medium\" src=\"https:\/\/www.visionweb.com.ar\/wp-content\/uploads\/2021\/08\/COVID-VACUNAS-300x175.png\" alt=\"\" width=\"300\" height=\"175\" srcset=\"https:\/\/www.visionweb.com.ar\/wp-content\/uploads\/2021\/08\/COVID-VACUNAS-300x175.png 300w, https:\/\/www.visionweb.com.ar\/wp-content\/uploads\/2021\/08\/COVID-VACUNAS.png 640w\" sizes=\"auto, (max-width: 300px) 100vw, 300px\" \/><p id=\"caption-attachment-2584\" class=\"wp-caption-text\">Foto de archivo<\/p><\/div>\n<p><strong>\u00a0\u00a0\u00a0 L<\/strong>a curva de<strong> casos de personas con diagn\u00f3stico positivo por\u00a0SARS-CoV-2 ha vuelto a subir en nuestro pa\u00eds desde la segunda quincena de diciembre,<\/strong> <strong>especialmente en Tucum\u00e1n, la Ciudad y provincia de Buenos Aires, como tambi\u00e9n en algunas localidades de Chaco y Jujuy.<\/strong><\/p>\n<p><strong>As\u00ed, los casos reportados de Covid-19 aumentaron en las \u00faltimas semanas<\/strong>, y de acuerdo a los especialistas,\u00a0<strong>se pas\u00f3 de 84 notificaciones diarias promedio en la semana del 18 al 24 de diciembre a 212<\/strong>\u00a0en la semana del 1 al 7 de enero.<\/p>\n<p><strong>En la provincia de Buenos Aires, de hecho, aumentaron de 15 casos diarios promedio a 34.<\/strong><\/p>\n<p>Los lugares donde se han registrado los aumentos de casos de\u00a0<strong>Coronavirus son la Ciudad de Buenos Aires,\u00a0<\/strong>donde se pas\u00f3 de 7 casos diarios a 17, incrementando un\u00a0<strong>143%<\/strong>, luego la\u00a0<strong>Provincia de Buenos Aires\u00a0<\/strong>con un incremento del\u00a0<strong>133%<\/strong>, pasando de 15 casos a 35.<\/p>\n<p>Vale mencionar que entre finales de diciembre y la actualidad la subvariante JN.1 se convirti\u00f3 en la m\u00e1s prevalente a nivel mundial, conforme indica un informe de T\u00e9lam.<\/p>\n<p>En varios pa\u00edses de Europa se report\u00f3 un incremento de personas hospitalizadas por la coexistencia de coronavirus con otros virus estacionales como influenza y virus sincicial respiratorio (VSR).<\/p>\n<p>Es por esto que\u00a0<strong>algunos pa\u00edses de Europa (como Espa\u00f1a e Italia) y algunos distritos de Estados Unidos han reestablecido la obligatoriedad del uso de barbijos en hospitales y centros de salud<\/strong>.<\/p>\n<p>La vacunaci\u00f3n para evitar casos graves es fundamental.<\/p>\n<p>En ese sentido, la OMS inform\u00f3 se tomen esta\u00a0<strong>medidas para prevenir infecciones:<\/strong><\/p>\n<p>-Usar mascarilla o barbijo cuando se encuentre en \u00e1reas concurridas, cerradas o mal ventiladas, y mantener una distancia segura de los dem\u00e1s, en la medida de lo posible.<\/p>\n<p>-Mejorar la ventilaci\u00f3n y cubrirse al toser y estornudar.<\/p>\n<p>-Realizar un lavado de las manos regularmente<\/p>\n<p>-Mantenerse al d\u00eda con las vacunas contra el COVID-19 y la gripe, especialmente si la persona tiene un alto riesgo de padecer una enfermedad grave. Esta recomendaci\u00f3n es para personas mayores, gestantes, o con enfermedades cr\u00f3nicas o inmunocomprometidas.<\/p>\n<p>&#8211; Hay que aislarse si se tiene COVID. <strong>(VW)<\/strong><\/p>\n<p>&nbsp;<\/p>\n","protected":false},"excerpt":{"rendered":"<p>Es algo de lo que ya casi no se habla, parec\u00eda historia antigua, pero en la provincia de Buenos Aires subieron de 15 casos diarios promedio a 34.<\/p>\n","protected":false},"author":4,"featured_media":2584,"comment_status":"closed","ping_status":"closed","sticky":false,"template":"","format":"standard","meta":{"_monsterinsights_skip_tracking":false,"_monsterinsights_sitenote_active":false,"_monsterinsights_sitenote_note":"","_monsterinsights_sitenote_category":0,"footnotes":""},"categories":[8],"tags":[5515,36,35],"class_list":["post-13267","post","type-post","status-publish","format-standard","has-post-thumbnail","hentry","category-interes-general","tag-aumentaron","tag-casos","tag-covid-19"],"_links":{"self":[{"href":"https:\/\/www.visionweb.com.ar\/index.php?rest_route=\/wp\/v2\/posts\/13267","targetHints":{"allow":["GET"]}}],"collection":[{"href":"https:\/\/www.visionweb.com.ar\/index.php?rest_route=\/wp\/v2\/posts"}],"about":[{"href":"https:\/\/www.visionweb.com.ar\/index.php?rest_route=\/wp\/v2\/types\/post"}],"author":[{"embeddable":true,"href":"https:\/\/www.visionweb.com.ar\/index.php?rest_route=\/wp\/v2\/users\/4"}],"replies":[{"embeddable":true,"href":"https:\/\/www.visionweb.com.ar\/index.php?rest_route=%2Fwp%2Fv2%2Fcomments&post=13267"}],"version-history":[{"count":1,"href":"https:\/\/www.visionweb.com.ar\/index.php?rest_route=\/wp\/v2\/posts\/13267\/revisions"}],"predecessor-version":[{"id":13268,"href":"https:\/\/www.visionweb.com.ar\/index.php?rest_route=\/wp\/v2\/posts\/13267\/revisions\/13268"}],"wp:featuredmedia":[{"embeddable":true,"href":"https:\/\/www.visionweb.com.ar\/index.php?rest_route=\/wp\/v2\/media\/2584"}],"wp:attachment":[{"href":"https:\/\/www.visionweb.com.ar\/index.php?rest_route=%2Fwp%2Fv2%2Fmedia&parent=13267"}],"wp:term":[{"taxonomy":"category","embeddable":true,"href":"https:\/\/www.visionweb.com.ar\/index.php?rest_route=%2Fwp%2Fv2%2Fcategories&post=13267"},{"taxonomy":"post_tag","embeddable":true,"href":"https:\/\/www.visionweb.com.ar\/index.php?rest_route=%2Fwp%2Fv2%2Ftags&post=13267"}],"curies":[{"name":"wp","href":"https:\/\/api.w.org\/{rel}","templated":true}]}}