{"id":13265,"date":"2024-01-10T11:15:54","date_gmt":"2024-01-10T14:15:54","guid":{"rendered":"https:\/\/www.visionweb.com.ar\/?p=13265"},"modified":"2024-01-10T11:15:54","modified_gmt":"2024-01-10T14:15:54","slug":"alertan-por-crecidas-que-se-podrian-registrar-esta-tarde-en-el-rio-de-la-plata","status":"publish","type":"post","link":"https:\/\/www.visionweb.com.ar\/?p=13265","title":{"rendered":"Alertan por crecidas que se podr\u00edan registrar esta tarde en el R\u00edo de la Plata"},"content":{"rendered":"<p><em><strong>El Servicio de Hidrograf\u00eda Naval lanz\u00f3 un comunicado<\/strong><strong> por crecida en el R\u00edo de La Plata durante las pr\u00f3ximas horas que pueden llegar a una altura de 2 metros y medio. Abarca a Buenos Aires, La Plata y otros distritos del conurbano.<\/strong><\/em><strong>\u00a0<\/strong><!--more--><\/p>\n<p><img loading=\"lazy\" decoding=\"async\" class=\"size-medium wp-image-13010 alignleft\" src=\"https:\/\/www.visionweb.com.ar\/wp-content\/uploads\/2023\/12\/rio-de-la-plata-300x193.png\" alt=\"\" width=\"300\" height=\"193\" srcset=\"https:\/\/www.visionweb.com.ar\/wp-content\/uploads\/2023\/12\/rio-de-la-plata-300x193.png 300w, https:\/\/www.visionweb.com.ar\/wp-content\/uploads\/2023\/12\/rio-de-la-plata.png 388w\" sizes=\"auto, (max-width: 300px) 100vw, 300px\" \/>\u00a0 \u00a0<strong>E<\/strong>l <strong>Servicio de Hidrograf\u00eda Naval (SHN)<\/strong>\u00a0emiti\u00f3 este mi\u00e9rcoles 10 de enero una alerta ante la\u00a0<strong>crecida\u00a0<\/strong>del\u00a0<strong>R\u00edo de la Plata<\/strong>\u00a0que se espera en la Ciudad Aut\u00f3noma de Buenos Aires (CABA) y las zonas costeras sur y norte del\u00a0<strong>conurbano bonaerense<\/strong>.<\/p>\n<p>Adem\u00e1s lanz\u00f3 un aviso dirigido a la costa bonaerense.<\/p>\n<p>Seg\u00fan el\u00a0<a href=\"http:\/\/www.hidro.gov.ar\/oceanografia\/AACRIOPLA.asp\">comunicado difundido horas atr\u00e1s<\/a>\u00a0por el\u00a0<strong>Centro de Prevenci\u00f3n de Crecidas<\/strong>\u00a0del organismo dependiente del\u00a0<strong>Ministerio de Defensa<\/strong>, se observar\u00e1 una tendencia ascendente durante el d\u00eda de hoy en el R\u00edo de La Plata,\u00a0<strong>situ\u00e1ndose en un metro cincuenta cent\u00edmetros sobre los valores indicados en las tablas de mesa<\/strong>.<\/p>\n<p>\u201cEl Centro de Prevenci\u00f3n de Crecidas del Servicio de Hidrograf\u00eda Naval, dependiente del Ministerio de Defensa, informa que el R\u00edo de la Plata interior se encontrar\u00e1 durante la tarde de hoy un metro cincuenta cent\u00edmetros sobre los valores indicados en las tablas de marea\u201d, se\u00f1al\u00f3 el organismo en el aviso.<\/p>\n<p>As\u00ed, se espera que las 17 horas el r\u00edo alcance una altura de 2,50 metros en el Puerto de La Plata; a las 19 horas, unos 2,60 metros en el Puerto de Buenos Aires; y a las 20 horas, 2,70 en San Fernando.<\/p>\n<p>El SMN tambi\u00e9n hab\u00eda alertado por crecidas de \u201cochenta cent\u00edmetros sobre los valores indicados en las tablas de marea\u201d para la madrugada de hoy en la costa mar\u00edtima bonaerense, entre Mar del Plata y San Clemente del Tuy\u00fa. <strong>(VW)<\/strong><\/p>\n<p>&nbsp;<\/p>\n","protected":false},"excerpt":{"rendered":"<p>El Servicio de Hidrograf\u00eda Naval lanz\u00f3 un comunicado por crecida en el R\u00edo de La Plata durante las pr\u00f3ximas horas que pueden llegar a una altura de 2 metros y medio. Abarca a Buenos&#46;&#46;&#46;<\/p>\n","protected":false},"author":4,"featured_media":13010,"comment_status":"closed","ping_status":"closed","sticky":false,"template":"","format":"standard","meta":{"_monsterinsights_skip_tracking":false,"_monsterinsights_sitenote_active":false,"_monsterinsights_sitenote_note":"","_monsterinsights_sitenote_category":0,"footnotes":""},"categories":[8],"tags":[5514,5409,5158,5401],"class_list":["post-13265","post","type-post","status-publish","format-standard","has-post-thumbnail","hentry","category-interes-general","tag-alerta-por-crecida","tag-rio-de-la-plata","tag-servicio-de-hidrografia-naval","tag-shn"],"_links":{"self":[{"href":"https:\/\/www.visionweb.com.ar\/index.php?rest_route=\/wp\/v2\/posts\/13265","targetHints":{"allow":["GET"]}}],"collection":[{"href":"https:\/\/www.visionweb.com.ar\/index.php?rest_route=\/wp\/v2\/posts"}],"about":[{"href":"https:\/\/www.visionweb.com.ar\/index.php?rest_route=\/wp\/v2\/types\/post"}],"author":[{"embeddable":true,"href":"https:\/\/www.visionweb.com.ar\/index.php?rest_route=\/wp\/v2\/users\/4"}],"replies":[{"embeddable":true,"href":"https:\/\/www.visionweb.com.ar\/index.php?rest_route=%2Fwp%2Fv2%2Fcomments&post=13265"}],"version-history":[{"count":1,"href":"https:\/\/www.visionweb.com.ar\/index.php?rest_route=\/wp\/v2\/posts\/13265\/revisions"}],"predecessor-version":[{"id":13266,"href":"https:\/\/www.visionweb.com.ar\/index.php?rest_route=\/wp\/v2\/posts\/13265\/revisions\/13266"}],"wp:featuredmedia":[{"embeddable":true,"href":"https:\/\/www.visionweb.com.ar\/index.php?rest_route=\/wp\/v2\/media\/13010"}],"wp:attachment":[{"href":"https:\/\/www.visionweb.com.ar\/index.php?rest_route=%2Fwp%2Fv2%2Fmedia&parent=13265"}],"wp:term":[{"taxonomy":"category","embeddable":true,"href":"https:\/\/www.visionweb.com.ar\/index.php?rest_route=%2Fwp%2Fv2%2Fcategories&post=13265"},{"taxonomy":"post_tag","embeddable":true,"href":"https:\/\/www.visionweb.com.ar\/index.php?rest_route=%2Fwp%2Fv2%2Ftags&post=13265"}],"curies":[{"name":"wp","href":"https:\/\/api.w.org\/{rel}","templated":true}]}}