{"id":13260,"date":"2024-01-10T08:08:45","date_gmt":"2024-01-10T11:08:45","guid":{"rendered":"https:\/\/www.visionweb.com.ar\/?p=13260"},"modified":"2024-01-10T08:08:45","modified_gmt":"2024-01-10T11:08:45","slug":"arrancaron-las-paritarias-para-docentes-y-estatales","status":"publish","type":"post","link":"https:\/\/www.visionweb.com.ar\/?p=13260","title":{"rendered":"Arrancaron las paritarias para docentes y estatales"},"content":{"rendered":"<p><em><strong>Por ahora, sin propuesta de aumento. El gobierno de Kicillof se reuni\u00f3 con los gremios, que pidieron avanzar con una suba que modere las p\u00e9rdidas del poder adquisitivo ocurrida con la \u00faltima devaluaci\u00f3n.<\/strong><\/em><!--more--><\/p>\n<p><strong><img loading=\"lazy\" decoding=\"async\" class=\"size-medium wp-image-13261 alignright\" src=\"https:\/\/www.visionweb.com.ar\/wp-content\/uploads\/2024\/01\/ATE-DOCENTES-300x200.png\" alt=\"\" width=\"300\" height=\"200\" srcset=\"https:\/\/www.visionweb.com.ar\/wp-content\/uploads\/2024\/01\/ATE-DOCENTES-300x200.png 300w, https:\/\/www.visionweb.com.ar\/wp-content\/uploads\/2024\/01\/ATE-DOCENTES-1024x683.png 1024w, https:\/\/www.visionweb.com.ar\/wp-content\/uploads\/2024\/01\/ATE-DOCENTES-768x512.png 768w, https:\/\/www.visionweb.com.ar\/wp-content\/uploads\/2024\/01\/ATE-DOCENTES.png 1068w\" sizes=\"auto, (max-width: 300px) 100vw, 300px\" \/>A<\/strong> pocos d\u00edas de iniciado el a\u00f1o nuevo, los gremios docentes iniciaron una ronda de reuniones en el marco de las negociaciones paritarias para alcanzar un aumento que compense la p\u00e9rdida del poder adquisitivo, luego de la gran devaluaci\u00f3n dispuesta por el gobierno nacional en diciembre \u00faltimo.<\/p>\n<p>El gobierno de Axel Kicillof recibi\u00f3 este martes a los representantes de los gremios docentes y a los referentes de los empleados de la bonaerense, pero no se avanz\u00f3 con propuestas de suba salarial para ninguno. Ahora, podr\u00eda repetir los encuentros durante lo que resta de la semana.<\/p>\n<p>El primer encuentro fue en el Ministerio de Trabajo en La Plata con los sindicatos del Frente de Unidad Docente Bonaerense (FUDB). Del mismo participaron representantes de los ministerios de Trabajo, Econom\u00eda, la Direcci\u00f3n General de Cultura y Educaci\u00f3n, el IPS y la Subsecretar\u00eda de Gesti\u00f3n de Empleo P\u00fablico.<\/p>\n<p>Fuentes presentes en el encuentro le se\u00f1alaron a DIB que el Ejecutivo busca \u201crecomponer diciembre\u201d para arrancar con las negociaciones de 2024, pero que en el encuentro \u201chubo s\u00f3lo planteos\u201d. Asimismo, se\u00f1alaron que habr\u00eda una nueva reuni\u00f3n antes de que termine esta semana.<\/p>\n<p>A trav\u00e9s de un comunicado, desde el FUDB indicaron que en la reuni\u00f3n manifestaron \u201cla imperiosa necesidad de un incremento salarial para las y los docentes, ya que la actual coyuntura econ\u00f3mica nacional provocada por la escalada inflacionaria de los \u00faltimos tiempos y en particular del \u00faltimo mes, afecta directamente al poder adquisitivo del sector\u201d.<\/p>\n<p>Lo mismo ocurri\u00f3 horas m\u00e1s tarde con los gremios que representan a los trabajadores de la llamada Ley 10430, que trabajan en la administraci\u00f3n del gobierno bajo distintas modalidades.<\/p>\n<p>Igual que los docentes, hubo reclamos de avanzar r\u00e1pido. \u201cLe pedimos al gobierno una urgente recomposici\u00f3n salarial. Le llevamos la inquietud de poder recuperar el poder adquisitivo que perdimos en diciembre y necesitamos una recomposici\u00f3n salarial de manera urgente para llevar tranquilidad a la familia estatal\u201d, declar\u00f3 Claudio Ar\u00e9valo, secretario general de ATE provincia de Buenos Aires a la salida de la reuni\u00f3n.<\/p>\n<p>Arpevalo valor\u00f3 la convocatoria y explic\u00f3 que \u201clo que planteamos es que el aumento debe ganarle a los datos inflacionarios debido a los tarifazos y suba de precios de los alimentos generados despu\u00e9s de la asunci\u00f3n de (el presidente Javier) Milei\u201d.<\/p>\n<p>Tal como viene se\u00f1alando esta agencia, el gobierno de Kicillof logr\u00f3 durante 2023 acuerdos cortos con los gremios para compensar la inflaci\u00f3n, pero la asunci\u00f3n de Milei a la presidencia pate\u00f3 el tablero de la estabilidad y desencaden\u00f3 en un final incierto para la paritaria del a\u00f1o pasado.<\/p>\n<p>Kicillof acord\u00f3 a principios del a\u00f1o pasado un 40% de aumento promedio en tres tramos con los distintos sectores de estatales. Ese porcentaje original se fue reajustando en el marco de diversas convocatorias. Sin embargo, el cierre de 2023 se complic\u00f3 luego de que la gesti\u00f3n de Milei devaluara en m\u00e1s del 50% la moneda, impulsara fuertes modificaciones laborales y promoviera ajustes que impactar\u00edan en los fondos de la Provincia.<\/p>\n<p>Ambas negociaciones quedaron as\u00ed en cuarto intermedio, pero se espera que haya una nueva convocatoria a reunirse, probablemente para esta semana<strong>(VW)<\/strong><\/p>\n<p>&nbsp;<\/p>\n","protected":false},"excerpt":{"rendered":"<p>Por ahora, sin propuesta de aumento. El gobierno de Kicillof se reuni\u00f3 con los gremios, que pidieron avanzar con una suba que modere las p\u00e9rdidas del poder adquisitivo ocurrida con la \u00faltima devaluaci\u00f3n.<\/p>\n","protected":false},"author":3,"featured_media":13261,"comment_status":"closed","ping_status":"closed","sticky":false,"template":"","format":"standard","meta":{"_monsterinsights_skip_tracking":false,"_monsterinsights_sitenote_active":false,"_monsterinsights_sitenote_note":"","_monsterinsights_sitenote_category":0,"footnotes":""},"categories":[4],"tags":[410,1907,158,56],"class_list":["post-13260","post","type-post","status-publish","format-standard","has-post-thumbnail","hentry","category-politica","tag-docentes","tag-estatales","tag-paritarias","tag-salarios"],"_links":{"self":[{"href":"https:\/\/www.visionweb.com.ar\/index.php?rest_route=\/wp\/v2\/posts\/13260","targetHints":{"allow":["GET"]}}],"collection":[{"href":"https:\/\/www.visionweb.com.ar\/index.php?rest_route=\/wp\/v2\/posts"}],"about":[{"href":"https:\/\/www.visionweb.com.ar\/index.php?rest_route=\/wp\/v2\/types\/post"}],"author":[{"embeddable":true,"href":"https:\/\/www.visionweb.com.ar\/index.php?rest_route=\/wp\/v2\/users\/3"}],"replies":[{"embeddable":true,"href":"https:\/\/www.visionweb.com.ar\/index.php?rest_route=%2Fwp%2Fv2%2Fcomments&post=13260"}],"version-history":[{"count":1,"href":"https:\/\/www.visionweb.com.ar\/index.php?rest_route=\/wp\/v2\/posts\/13260\/revisions"}],"predecessor-version":[{"id":13262,"href":"https:\/\/www.visionweb.com.ar\/index.php?rest_route=\/wp\/v2\/posts\/13260\/revisions\/13262"}],"wp:featuredmedia":[{"embeddable":true,"href":"https:\/\/www.visionweb.com.ar\/index.php?rest_route=\/wp\/v2\/media\/13261"}],"wp:attachment":[{"href":"https:\/\/www.visionweb.com.ar\/index.php?rest_route=%2Fwp%2Fv2%2Fmedia&parent=13260"}],"wp:term":[{"taxonomy":"category","embeddable":true,"href":"https:\/\/www.visionweb.com.ar\/index.php?rest_route=%2Fwp%2Fv2%2Fcategories&post=13260"},{"taxonomy":"post_tag","embeddable":true,"href":"https:\/\/www.visionweb.com.ar\/index.php?rest_route=%2Fwp%2Fv2%2Ftags&post=13260"}],"curies":[{"name":"wp","href":"https:\/\/api.w.org\/{rel}","templated":true}]}}