{"id":13255,"date":"2024-01-09T11:42:18","date_gmt":"2024-01-09T14:42:18","guid":{"rendered":"https:\/\/www.visionweb.com.ar\/?p=13255"},"modified":"2024-01-09T11:42:18","modified_gmt":"2024-01-09T14:42:18","slug":"se-vienen-fuertes-aumentos-en-las-tarifas-de-gas","status":"publish","type":"post","link":"https:\/\/www.visionweb.com.ar\/?p=13255","title":{"rendered":"Se vienen fuertes aumentos en las tarifas de gas"},"content":{"rendered":"<p><em><strong>El Gobierno buscar\u00e1 reducir los subsidios en las tarifas de gas en los pr\u00f3ximos tres meses y habr\u00e1 cambios en la forma de segmentaci\u00f3n a partir de abril.<\/strong><\/em><!--more--><\/p>\n<p><img loading=\"lazy\" decoding=\"async\" class=\"size-full wp-image-6666 alignright\" src=\"https:\/\/www.visionweb.com.ar\/wp-content\/uploads\/2022\/08\/aumento-de-gas.bmp\" alt=\"\" width=\"467\" height=\"307\" \/>\u00a0 \u00a0<strong>D<\/strong>urante los pr\u00f3ximos tres meses se aplicar\u00e1n incrementos en las <strong>facturas del<\/strong>\u00a0<strong>gas<\/strong>, regidos por un \u00edndice de actualizaci\u00f3n mensual, y a partir de abril comenzar\u00e1 la implementaci\u00f3n de un esquema de subsidios, de acuerdo a lo informado en la audiencia p\u00fablica virtual, que realiz\u00f3 este lunes el<strong>\u00a0Ente Nacional Regulador del Gas (Enargas)<\/strong>.<\/p>\n<p>As\u00ed lo comunic\u00f3, el secretario de Energ\u00eda, Eduardo Rodr\u00edguez Chirillo, que anunci\u00f3 que el Gobierno buscar\u00e1 reducir fuertemente los subsidios en las tarifas de gas en los pr\u00f3ximos tres meses y que habr\u00e1 cambios en la forma de segmentaci\u00f3n que redundar\u00e1 en un achicamiento del universo de beneficiarios de subsidios en los servicios p\u00fablicos a partir de abril pr\u00f3ximo.<\/p>\n<p>En la primera audiencia p\u00fablica para determinar las nuevas tarifas del gas, el funcionario indic\u00f3 que se proceder\u00e1 a una\u00a0\u201cnueva conceptualizaci\u00f3n\u201d de los subsidios, con un \u201ctraslado gradual\u201d del precio del PIST (Punto de Ingreso al Sistema de Transporte) para la \u201creadecuaci\u00f3n progresiva\u201d de esas transferencias estatales.<\/p>\n<p>Aunque dif\u00edcil de determinar de cu\u00e1nto ser\u00e1n los aumentos a partir de ahora, Chirillo aclar\u00f3 que se quitar\u00e1 un 33% del subsidio\u00a0en febrero, marzo y abril hasta llegar a pagar el costo total. Es decir, los usuarios pasar\u00e1n de pagar US$0,7 el mill\u00f3n de BTU a US$4 en tres meses, unas cinco veces m\u00e1s el valor que se paga ahora.<\/p>\n<p>\u201cLa segmentaci\u00f3n actual se mantiene hasta el 1\u00b0 de abril de 2024, el nuevo esquema de subsidios entrar\u00e1 en aplicaci\u00f3n a partir de dicha fecha, previa audiencia p\u00fablica que se realizar\u00e1 al efecto\u201d, indic\u00f3.<\/p>\n<p>En cuanto a la segmentaci\u00f3n tarifaria, advirti\u00f3 que \u201clos usuarios (de los tres niveles) siguen recibiendo subsidios generalizados porque los precios mayoristas no cubren los costos\u201d, adem\u00e1s de se\u00f1alar \u201cfalta de control del padr\u00f3n de usuarios\u201d.<\/p>\n<p>En ese contexto, indic\u00f3, se proceder\u00e1 a una \u201cnueva conceptualizaci\u00f3n\u201d de los subsidios, con un \u201ctraslado gradual\u201d del precio del PIST para la \u201creadecuaci\u00f3n progresiva\u201d de esas transferencias estatales.<\/p>\n<p>Actualmente la segmentaci\u00f3n contempla tres universos de usuarios pero determinados por la\u00a0Canasta B\u00e1sica Total (CBT)\u00a0del\u00a0Indec: los N1 (ingresos altos) que pagan tarifa plena por tener un ingreso mayor a 3,5 CBT,\u00a0N2\u00a0(ingresos bajos) con tarifa social y\u00a0N3\u00a0(ingresos medios) que mantienen un subsidio de hasta 400 KWH para el caso de la electricidad y pagan pleno por el excedente.<\/p>\n<p>Previo a la intervenci\u00f3n del secretario de Energ\u00eda hizo uso de la palabra el presidente de la audiencia e interventor del Enargas, Carlos Casares, quien remarc\u00f3 la importancia de dar\u00a0\u201cse\u00f1ales claras y precisas\u00a0para un\u00a0consumo eficiente y racional\u00a0y un servicio de calidad que acompa\u00f1e el crecimiento de la demanda y la econom\u00eda argentina\u201d. Y en ese contexto confirm\u00f3 la intenci\u00f3n del Gobierno de establecer un\u00a0\u00edndice para actualizar mensualmente las tarifas\u00a0de las empresas transportistas y distribuidoras de gas, aunque no precis\u00f3 detalles.<\/p>\n<p><strong>Repercusiones:<\/strong><\/p>\n<p>El primero que cuestion\u00f3 los futuros incrementos fue el ministro de Infraestructura de la provincia de Buenos Aires,\u00a0<strong>Gabriel Katopodis<\/strong>, que calific\u00f3: \u201cEs inadmisible que en este contexto de la Argentina las empresas del sector privado vengan a plantear un incremento abusivo con un ajuste mes a mes, que rechazamos de manera clara y categ\u00f3rica. No venimos a poner palos en la rueda, queremos que el Gobierno entienda que hacen las cuentas al rev\u00e9s: aumentan los servicios y prepagas, y bajan salarios y jubilaciones. El resultado es familias angustiadas\u201d, apunt\u00f3 el hasta el 10 de diciembre ministro de\u00a0<strong>Obras P\u00fablicas\u00a0<\/strong>del ex presidente<strong>\u00a0Alberto Fern\u00e1ndez<\/strong>.<\/p>\n<p>\u201cNo es viable un modelo en la Argentina que no incluya a la industria nacional, a los trabajadores y a la clase media. Desde la Provincia de Buenos Aires vamos a defender a nuestra gente\u201d, agreg\u00f3 Katopodis.<\/p>\n<p>Por su parte, el presidente de la<strong>\u00a0Asociaci\u00f3n de Defensa de Derechos de Usuarios y Consumidores (Adduc)<\/strong>,<strong>\u00a0Osvaldo Bassano<\/strong>, cuestion\u00f3 la legitimidad de la audiencia realizada por el Enargas. Tambi\u00e9n advirti\u00f3 sobre el impacto de los aumentos propuestos por las empresas.<\/p>\n<p>\u201cNo han entregado la documentaci\u00f3n y para una audiencia p\u00fablica de este tipo debe establecerse la documentaci\u00f3n fehaciente para que los consumidores puedan discutirlo; tiene que estar en el expediente. No discuten el piso del gas en el ingreso al sistema\u201d, dijo Bassano. <strong>(VW)<\/strong><\/p>\n","protected":false},"excerpt":{"rendered":"<p>El Gobierno buscar\u00e1 reducir los subsidios en las tarifas de gas en los pr\u00f3ximos tres meses y habr\u00e1 cambios en la forma de segmentaci\u00f3n a partir de abril.<\/p>\n","protected":false},"author":4,"featured_media":6666,"comment_status":"closed","ping_status":"closed","sticky":false,"template":"","format":"standard","meta":{"_monsterinsights_skip_tracking":false,"_monsterinsights_sitenote_active":false,"_monsterinsights_sitenote_note":"","_monsterinsights_sitenote_category":0,"footnotes":""},"categories":[6,4],"tags":[5513,5512,5511,2725],"class_list":["post-13255","post","type-post","status-publish","format-standard","has-post-thumbnail","hentry","category-economia","category-politica","tag-audiencia-virtual","tag-chirillo","tag-enargas","tag-tarifas-de-gas"],"_links":{"self":[{"href":"https:\/\/www.visionweb.com.ar\/index.php?rest_route=\/wp\/v2\/posts\/13255","targetHints":{"allow":["GET"]}}],"collection":[{"href":"https:\/\/www.visionweb.com.ar\/index.php?rest_route=\/wp\/v2\/posts"}],"about":[{"href":"https:\/\/www.visionweb.com.ar\/index.php?rest_route=\/wp\/v2\/types\/post"}],"author":[{"embeddable":true,"href":"https:\/\/www.visionweb.com.ar\/index.php?rest_route=\/wp\/v2\/users\/4"}],"replies":[{"embeddable":true,"href":"https:\/\/www.visionweb.com.ar\/index.php?rest_route=%2Fwp%2Fv2%2Fcomments&post=13255"}],"version-history":[{"count":1,"href":"https:\/\/www.visionweb.com.ar\/index.php?rest_route=\/wp\/v2\/posts\/13255\/revisions"}],"predecessor-version":[{"id":13256,"href":"https:\/\/www.visionweb.com.ar\/index.php?rest_route=\/wp\/v2\/posts\/13255\/revisions\/13256"}],"wp:featuredmedia":[{"embeddable":true,"href":"https:\/\/www.visionweb.com.ar\/index.php?rest_route=\/wp\/v2\/media\/6666"}],"wp:attachment":[{"href":"https:\/\/www.visionweb.com.ar\/index.php?rest_route=%2Fwp%2Fv2%2Fmedia&parent=13255"}],"wp:term":[{"taxonomy":"category","embeddable":true,"href":"https:\/\/www.visionweb.com.ar\/index.php?rest_route=%2Fwp%2Fv2%2Fcategories&post=13255"},{"taxonomy":"post_tag","embeddable":true,"href":"https:\/\/www.visionweb.com.ar\/index.php?rest_route=%2Fwp%2Fv2%2Ftags&post=13255"}],"curies":[{"name":"wp","href":"https:\/\/api.w.org\/{rel}","templated":true}]}}