{"id":13245,"date":"2024-01-09T06:31:28","date_gmt":"2024-01-09T09:31:28","guid":{"rendered":"https:\/\/www.visionweb.com.ar\/?p=13245"},"modified":"2024-01-09T10:43:13","modified_gmt":"2024-01-09T13:43:13","slug":"entidades-provadas-de-bariloche-se-reunieron-con-la-vicepresidenta-victoria-villaruel","status":"publish","type":"post","link":"https:\/\/www.visionweb.com.ar\/?p=13245","title":{"rendered":"Entidades privadas de Bariloche se reunieron con la vicepresidenta Victoria Villaruel"},"content":{"rendered":"<p><em><strong>Fue en un encuentro del bloque patag\u00f3nico con la participaci\u00f3n de la CAME y la Federaci\u00f3n de Empresas y Entidades de Bariloche.<\/strong><\/em><!--more--><\/p>\n<p><strong><img loading=\"lazy\" decoding=\"async\" class=\"size-medium wp-image-13246 alignright\" src=\"https:\/\/www.visionweb.com.ar\/wp-content\/uploads\/2024\/01\/CAME-BARILOCHE-300x158.jpg\" alt=\"\" width=\"300\" height=\"158\" srcset=\"https:\/\/www.visionweb.com.ar\/wp-content\/uploads\/2024\/01\/CAME-BARILOCHE-300x158.jpg 300w, https:\/\/www.visionweb.com.ar\/wp-content\/uploads\/2024\/01\/CAME-BARILOCHE-1024x538.jpg 1024w, https:\/\/www.visionweb.com.ar\/wp-content\/uploads\/2024\/01\/CAME-BARILOCHE-768x404.jpg 768w, https:\/\/www.visionweb.com.ar\/wp-content\/uploads\/2024\/01\/CAME-BARILOCHE.jpg 1298w\" sizes=\"auto, (max-width: 300px) 100vw, 300px\" \/>L<\/strong>os empresarios Pymes de Bariloche, se reunieron con la vicepresidenta de la Naci\u00f3n, Victoria Villaruel, para analizar diferentes aspectos de la regi\u00f3n, los n\u00fameros de la temporada y los mecanismos para potenciar el turismo en la ciudad de Barilloche, en\u00a0 R\u00edo Negro y de las seis provincias patag\u00f3nicas.<\/p>\n<p>\u00abHablamos de los n\u00fameros de la temporada de verano y de las proyecciones para Bariloche, adem\u00e1s de los requerimientos para acomodarnos y as\u00ed potenciar al turismo\u00bb, dijo el presidente de FEEBA,\u00a0<strong>Leonardo Marcasciano<\/strong>, y agreg\u00f3: \u00abLos temas que conversamos durante la reuni\u00f3n de trabajo exigen una visi\u00f3n de crecimiento de las actividades productivas locales y regionales\u00bb<\/p>\n<p>En ese sentido, los empresarios PyMes de Bariloche le manifestaron a Villarruel la necesidad generar pol\u00edtica de cielos abiertos con la incorporaci\u00f3n de nuevas rutas a\u00e9reas; gesti\u00f3n de la seguridad; importancia de avanzar en una modernizaci\u00f3n laboral y las dificultades de la zona por falta de gas y electricidad.<\/p>\n<p>Adem\u00e1s, en la reuni\u00f3n se habl\u00f3 de la necesidad de impulsar la promoci\u00f3n tur\u00edstica de todo el sur; impulso del Corredor Bioce\u00e1nico; tr\u00e1mites migratorios m\u00e1s \u00e1giles en el paso internacional Cardenal Samor\u00e9, y promoci\u00f3n del Parque Productivo, Industrial y Tecnol\u00f3gico de Bariloche (PITBA).<\/p>\n<p>Cabe destacar que CAME es impulsora de la institucionalizaci\u00f3n del Tratado de la Regi\u00f3n Patag\u00f3nica junto con los gobernadores de Tierra del Fuego,\u00a0<strong>Gustavo Melella<\/strong>; de Santa Cruz,\u00a0<strong>Claudio Vidal<\/strong>; de Chubut,\u00a0<strong>Ignacio Torres<\/strong>; de R\u00edo Negro,\u00a0<strong>Alberto Weretilneck<\/strong>; de Neuqu\u00e9n,\u00a0<strong>Rolando Figueroa<\/strong>, y de La Pampa,\u00a0<strong>Sergio Ziliotto<\/strong>, adem\u00e1s de las federaciones y las c\u00e1maras empresarias de la Patagonia.<\/p>\n<p>Tambi\u00e9n participaron del encuentro el presidente y el vicepresidente de la C\u00e1mara de Turismo de Bariloche (CTBA),\u00a0<strong>N\u00e9stor Denoya<\/strong>\u00a0y\u00a0<strong>Ezequiel Barberis<\/strong>, respectivamente; el titular de la Asociaci\u00f3n Empresaria Hotelera Gastron\u00f3mica de Bariloche (AEHGB),\u00a0<strong>Mart\u00edn Lago<\/strong>; el ministro de Gobierno, Trabajo, Modernizaci\u00f3n y Turismo de R\u00edo Negro,\u00a0<strong>Federico Lutz<\/strong>; el secretario de Turismo provincial,\u00a0<strong>Marcos Barberis<\/strong>, y el abogado rionegrino\u00a0<strong>Dami\u00e1n Torres<\/strong>.<strong>(VW)<\/strong><\/p>\n","protected":false},"excerpt":{"rendered":"<p>Fue en un encuentro del bloque patag\u00f3nico con la participaci\u00f3n de la CAME y la Federaci\u00f3n de Empresas y Entidades de Bariloche.<\/p>\n","protected":false},"author":3,"featured_media":13246,"comment_status":"closed","ping_status":"closed","sticky":false,"template":"","format":"standard","meta":{"_monsterinsights_skip_tracking":false,"_monsterinsights_sitenote_active":false,"_monsterinsights_sitenote_note":"","_monsterinsights_sitenote_category":0,"footnotes":""},"categories":[4],"tags":[1587,1691,5509,3920,49],"class_list":["post-13245","post","type-post","status-publish","format-standard","has-post-thumbnail","hentry","category-politica","tag-bariloche","tag-emprendimientos","tag-patagonicas","tag-provincias","tag-turismo"],"_links":{"self":[{"href":"https:\/\/www.visionweb.com.ar\/index.php?rest_route=\/wp\/v2\/posts\/13245","targetHints":{"allow":["GET"]}}],"collection":[{"href":"https:\/\/www.visionweb.com.ar\/index.php?rest_route=\/wp\/v2\/posts"}],"about":[{"href":"https:\/\/www.visionweb.com.ar\/index.php?rest_route=\/wp\/v2\/types\/post"}],"author":[{"embeddable":true,"href":"https:\/\/www.visionweb.com.ar\/index.php?rest_route=\/wp\/v2\/users\/3"}],"replies":[{"embeddable":true,"href":"https:\/\/www.visionweb.com.ar\/index.php?rest_route=%2Fwp%2Fv2%2Fcomments&post=13245"}],"version-history":[{"count":2,"href":"https:\/\/www.visionweb.com.ar\/index.php?rest_route=\/wp\/v2\/posts\/13245\/revisions"}],"predecessor-version":[{"id":13254,"href":"https:\/\/www.visionweb.com.ar\/index.php?rest_route=\/wp\/v2\/posts\/13245\/revisions\/13254"}],"wp:featuredmedia":[{"embeddable":true,"href":"https:\/\/www.visionweb.com.ar\/index.php?rest_route=\/wp\/v2\/media\/13246"}],"wp:attachment":[{"href":"https:\/\/www.visionweb.com.ar\/index.php?rest_route=%2Fwp%2Fv2%2Fmedia&parent=13245"}],"wp:term":[{"taxonomy":"category","embeddable":true,"href":"https:\/\/www.visionweb.com.ar\/index.php?rest_route=%2Fwp%2Fv2%2Fcategories&post=13245"},{"taxonomy":"post_tag","embeddable":true,"href":"https:\/\/www.visionweb.com.ar\/index.php?rest_route=%2Fwp%2Fv2%2Ftags&post=13245"}],"curies":[{"name":"wp","href":"https:\/\/api.w.org\/{rel}","templated":true}]}}