{"id":13220,"date":"2024-01-05T16:14:36","date_gmt":"2024-01-05T19:14:36","guid":{"rendered":"https:\/\/www.visionweb.com.ar\/?p=13220"},"modified":"2024-01-06T00:26:54","modified_gmt":"2024-01-06T03:26:54","slug":"judiciales-bonaerenses-piden-cerrar-paritaria-2023","status":"publish","type":"post","link":"https:\/\/www.visionweb.com.ar\/?p=13220","title":{"rendered":"Judiciales bonaerenses piden cerrar paritaria 2023"},"content":{"rendered":"<p><strong><em>La Asociaci\u00f3n Judicial Bonaerense (AJB) pidi\u00f3 hoy que el Gobierno de Axel Kicillof los convoque a la mesa de negociaci\u00f3n salarial para darle continuidad a la paritaria inconclusa de 2023.<\/em><\/strong><!--more--><\/p>\n<p><img loading=\"lazy\" decoding=\"async\" class=\"size-medium wp-image-12504 alignright\" src=\"https:\/\/www.visionweb.com.ar\/wp-content\/uploads\/2023\/11\/judiciales-300x169.png\" alt=\"\" width=\"300\" height=\"169\" srcset=\"https:\/\/www.visionweb.com.ar\/wp-content\/uploads\/2023\/11\/judiciales-300x169.png 300w, https:\/\/www.visionweb.com.ar\/wp-content\/uploads\/2023\/11\/judiciales.png 549w\" sizes=\"auto, (max-width: 300px) 100vw, 300px\" \/><strong>E<\/strong>l gremio de los judiciales bonaerenses solicit\u00f3 al Ejecutivo provincial se los cite \u00abde forma urgente porque en la \u00faltima paritaria de noviembre ten\u00eda la cl\u00e1usula de convocatoria en diciembre\u00bb, consigno un comunicado de prensa que se difundi\u00f3 este viernes.<\/p>\n<p>Al respecto, el Secretario General del gremio, Hugo Russo, destac\u00f3 que saben \u00abde las dificultades del Gobierno\u00bb y subray\u00f3 que \u00abse hab\u00eda pedido una pr\u00f3rroga para el primer mes del nuevo a\u00f1o, pero estamos terminando la primera semana de enero y no hemos sido convocados\u00bb.<\/p>\n<p>\u00abLa devaluaci\u00f3n, el aumento de precios y de los combustibles ha erosionado el bolsillo de los compa\u00f1eros y necesitamos rediscutir salarios porque no hemos cerrado la paritaria 2023 y (hay que) empezar a diagramar la de este a\u00f1o\u00bb, complet\u00f3 Russo.<\/p>\n<p>En noviembre pasado las asambleas de trabajadores y trabajadoras judiciales de las 19 departamentales de la AJB aceptaron la oferta salarial del 25% que se pag\u00f3 con los sueldos de noviembre y que fue extensiva a jubilados y pensionados.<\/p>\n<p>En aquel encuentro, adem\u00e1s, se acord\u00f3 reabrir la negociaci\u00f3n en diciembre para discutir el \u00faltimo tramo del a\u00f1o.<br \/>\nCon aquella aceptaci\u00f3n la pauta de la paritaria salarial se acumul\u00f3 durante 2023 un incremento de 120% (20% marzo, 20% mayo, 30% julio, 25% septiembre y 25% noviembre).<strong>(VW)<\/strong><\/p>\n","protected":false},"excerpt":{"rendered":"<p>La Asociaci\u00f3n Judicial Bonaerense (AJB) pidi\u00f3 hoy que el Gobierno de Axel Kicillof los convoque a la mesa de negociaci\u00f3n salarial para darle continuidad a la paritaria inconclusa de 2023.<\/p>\n","protected":false},"author":3,"featured_media":12504,"comment_status":"closed","ping_status":"closed","sticky":false,"template":"","format":"standard","meta":{"_monsterinsights_skip_tracking":false,"_monsterinsights_sitenote_active":false,"_monsterinsights_sitenote_note":"","_monsterinsights_sitenote_category":0,"footnotes":""},"categories":[4],"tags":[589,650,649,158],"class_list":["post-13220","post","type-post","status-publish","format-standard","has-post-thumbnail","hentry","category-politica","tag-589","tag-bonaerenses","tag-judiciales","tag-paritarias"],"_links":{"self":[{"href":"https:\/\/www.visionweb.com.ar\/index.php?rest_route=\/wp\/v2\/posts\/13220","targetHints":{"allow":["GET"]}}],"collection":[{"href":"https:\/\/www.visionweb.com.ar\/index.php?rest_route=\/wp\/v2\/posts"}],"about":[{"href":"https:\/\/www.visionweb.com.ar\/index.php?rest_route=\/wp\/v2\/types\/post"}],"author":[{"embeddable":true,"href":"https:\/\/www.visionweb.com.ar\/index.php?rest_route=\/wp\/v2\/users\/3"}],"replies":[{"embeddable":true,"href":"https:\/\/www.visionweb.com.ar\/index.php?rest_route=%2Fwp%2Fv2%2Fcomments&post=13220"}],"version-history":[{"count":2,"href":"https:\/\/www.visionweb.com.ar\/index.php?rest_route=\/wp\/v2\/posts\/13220\/revisions"}],"predecessor-version":[{"id":13222,"href":"https:\/\/www.visionweb.com.ar\/index.php?rest_route=\/wp\/v2\/posts\/13220\/revisions\/13222"}],"wp:featuredmedia":[{"embeddable":true,"href":"https:\/\/www.visionweb.com.ar\/index.php?rest_route=\/wp\/v2\/media\/12504"}],"wp:attachment":[{"href":"https:\/\/www.visionweb.com.ar\/index.php?rest_route=%2Fwp%2Fv2%2Fmedia&parent=13220"}],"wp:term":[{"taxonomy":"category","embeddable":true,"href":"https:\/\/www.visionweb.com.ar\/index.php?rest_route=%2Fwp%2Fv2%2Fcategories&post=13220"},{"taxonomy":"post_tag","embeddable":true,"href":"https:\/\/www.visionweb.com.ar\/index.php?rest_route=%2Fwp%2Fv2%2Ftags&post=13220"}],"curies":[{"name":"wp","href":"https:\/\/api.w.org\/{rel}","templated":true}]}}