{"id":13218,"date":"2024-01-05T16:37:44","date_gmt":"2024-01-05T19:37:44","guid":{"rendered":"https:\/\/www.visionweb.com.ar\/?p=13218"},"modified":"2024-01-05T16:37:44","modified_gmt":"2024-01-05T19:37:44","slug":"carnes-el-gobioerno-no-intervendra-en-el-mercado-de-proteinas","status":"publish","type":"post","link":"https:\/\/www.visionweb.com.ar\/?p=13218","title":{"rendered":"Carnes: El gobioerno no intervendr\u00e1 en el mercado de prote\u00ednas"},"content":{"rendered":"<p><em><strong>El vocero presidencial Manuel Adorni ratific\u00f3 que la administraci\u00f3n nacional no tiene la idea de mediar en este tema.<\/strong><\/em><!--more--><\/p>\n<p><img loading=\"lazy\" decoding=\"async\" class=\"size-medium wp-image-848 alignleft\" src=\"https:\/\/www.visionweb.com.ar\/wp-content\/uploads\/2021\/02\/CORTES-DE-CARNE-300x156.png\" alt=\"\" width=\"300\" height=\"156\" srcset=\"https:\/\/www.visionweb.com.ar\/wp-content\/uploads\/2021\/02\/CORTES-DE-CARNE-300x156.png 300w, https:\/\/www.visionweb.com.ar\/wp-content\/uploads\/2021\/02\/CORTES-DE-CARNE-768x399.png 768w, https:\/\/www.visionweb.com.ar\/wp-content\/uploads\/2021\/02\/CORTES-DE-CARNE.png 800w\" sizes=\"auto, (max-width: 300px) 100vw, 300px\" \/>Pese a que algunos referentes del negocio de la carne aseguraron que el kilo podr\u00eda alcanzar a los $20.000, el Gobierno est\u00e1 dispuesto a no intervenir en su comercializaci\u00f3n.<\/p>\n<p>\u201cLos acuerdos que se conozcan son acuerdos libres entre partes o por la propia cadena de comercializaci\u00f3n. As\u00ed que no tengo nada, no vamos a intervenir en los precios\u201d, confirm\u00f3 el vocero presidencial Manuel Adorni, respecto a la posibilidad de extender el programa de precios diferenciados o si analizan implementar alg\u00fan tipo de beneficio para que la sociedad pueda acceder a esos precios.<\/p>\n<p>Al respecto el vocero presidencia advirti\u00f3 que \u201cel Gobierno est\u00e1 atento a lo que sucede, y estamos abocados a pulverizar la inflaci\u00f3n, por eso nos la pasamos hablando de la importancia del d\u00e9ficit fiscal porque entendemos que es la madre de todas las batallas para eliminarla\u201d, explic\u00f3 Adorni en su habitual rueda de prensa. Pero descart\u00f3 que se pueda intervenir en el precio de la carne, pese a la fuerte suba en las \u00faltimas semanas\u00bb, indicaron diferentes publicaciones period\u00edsticas.<\/p>\n<p>Vale recordar que en los \u00faltimos d\u00edas, desde el sector advirtieron que con la \u201cinternacionalizaci\u00f3n de precios\u201d a partir de la apertura de las exportaciones de todos los cortes de carne podr\u00eda valer m\u00e1s de $20.000 el kilo.<\/p>\n<p>\u201cLa suba ha sido muy importante. Las carnicer\u00edas est\u00e1n vac\u00edas. De hecho el fin de a\u00f1o fue un desastre porque no hubo ventas y el precio que tiene la carne no est\u00e1 de acuerdo con el poder adquisitivo de la gente que la consume\u201d, sostuvo el presidente de la Asociaci\u00f3n de Propietarios de Carnicer\u00edas de la Ciudad de Buenos Aires, Alberto Williams.<\/p>\n<p>Seg\u00fan Willims, el precio del kilo de carne vacuna podr\u00eda alcanzar a los $20.000, precio que\u00a0 podr\u00eda alcanzar si se lo pone en l\u00ednea con el precio internacional.<strong>(VW)<\/strong><\/p>\n<p>&nbsp;<\/p>\n","protected":false},"excerpt":{"rendered":"<p>El vocero presidencial Manuel Adorni ratific\u00f3 que la administraci\u00f3n nacional no tiene la idea de mediar en este tema.<\/p>\n","protected":false},"author":3,"featured_media":9104,"comment_status":"closed","ping_status":"closed","sticky":false,"template":"","format":"standard","meta":{"_monsterinsights_skip_tracking":false,"_monsterinsights_sitenote_active":false,"_monsterinsights_sitenote_note":"","_monsterinsights_sitenote_category":0,"footnotes":""},"categories":[8],"tags":[357,5498,5499],"class_list":["post-13218","post","type-post","status-publish","format-standard","has-post-thumbnail","hentry","category-interes-general","tag-carnes","tag-precio-exportaciones","tag-vacuno"],"_links":{"self":[{"href":"https:\/\/www.visionweb.com.ar\/index.php?rest_route=\/wp\/v2\/posts\/13218","targetHints":{"allow":["GET"]}}],"collection":[{"href":"https:\/\/www.visionweb.com.ar\/index.php?rest_route=\/wp\/v2\/posts"}],"about":[{"href":"https:\/\/www.visionweb.com.ar\/index.php?rest_route=\/wp\/v2\/types\/post"}],"author":[{"embeddable":true,"href":"https:\/\/www.visionweb.com.ar\/index.php?rest_route=\/wp\/v2\/users\/3"}],"replies":[{"embeddable":true,"href":"https:\/\/www.visionweb.com.ar\/index.php?rest_route=%2Fwp%2Fv2%2Fcomments&post=13218"}],"version-history":[{"count":1,"href":"https:\/\/www.visionweb.com.ar\/index.php?rest_route=\/wp\/v2\/posts\/13218\/revisions"}],"predecessor-version":[{"id":13219,"href":"https:\/\/www.visionweb.com.ar\/index.php?rest_route=\/wp\/v2\/posts\/13218\/revisions\/13219"}],"wp:featuredmedia":[{"embeddable":true,"href":"https:\/\/www.visionweb.com.ar\/index.php?rest_route=\/wp\/v2\/media\/9104"}],"wp:attachment":[{"href":"https:\/\/www.visionweb.com.ar\/index.php?rest_route=%2Fwp%2Fv2%2Fmedia&parent=13218"}],"wp:term":[{"taxonomy":"category","embeddable":true,"href":"https:\/\/www.visionweb.com.ar\/index.php?rest_route=%2Fwp%2Fv2%2Fcategories&post=13218"},{"taxonomy":"post_tag","embeddable":true,"href":"https:\/\/www.visionweb.com.ar\/index.php?rest_route=%2Fwp%2Fv2%2Ftags&post=13218"}],"curies":[{"name":"wp","href":"https:\/\/api.w.org\/{rel}","templated":true}]}}