{"id":13215,"date":"2024-01-04T12:19:16","date_gmt":"2024-01-04T15:19:16","guid":{"rendered":"https:\/\/www.visionweb.com.ar\/?p=13215"},"modified":"2024-01-04T12:19:16","modified_gmt":"2024-01-04T15:19:16","slug":"milei-dijo-que-dos-tercios-de-las-politicas-de-shock-se-van-a-ver-en-los-proximos-15-anos","status":"publish","type":"post","link":"https:\/\/www.visionweb.com.ar\/?p=13215","title":{"rendered":"Milei dijo que dos tercios de las pol\u00edticas de shock se van a ver en los pr\u00f3ximos 15 a\u00f1os"},"content":{"rendered":"<p><em><strong>El Presidente habl\u00f3 en una entrevista radial en la previa de la reuni\u00f3n de gabinete. Y se refiri\u00f3 al fallo que suspendi\u00f3 la reforma laboral del DNU: \u201cConfiamos en que va a salir adelante\u201d, dijo. A la vez sostuvo: \u201cTus hijos y tus nietos van a vivir maravillosamente bien\u201d.<\/strong><\/em><!--more--><\/p>\n<p><strong> <img loading=\"lazy\" decoding=\"async\" class=\"size-medium wp-image-13216 alignright\" src=\"https:\/\/www.visionweb.com.ar\/wp-content\/uploads\/2024\/01\/Milei-Javier-300x206.png\" alt=\"\" width=\"300\" height=\"206\" srcset=\"https:\/\/www.visionweb.com.ar\/wp-content\/uploads\/2024\/01\/Milei-Javier-300x206.png 300w, https:\/\/www.visionweb.com.ar\/wp-content\/uploads\/2024\/01\/Milei-Javier.png 502w\" sizes=\"auto, (max-width: 300px) 100vw, 300px\" \/>\u00a0\u00a0 E<\/strong>l presidente Javier Milei dijo este jueves que la mayor parte de las mejoras de su plan econ\u00f3mico de shock se reflejar\u00edan en la realidad cotidiana \u201cen un plazo de 15 a\u00f1os\u201d.<\/p>\n<p>En ese sentido prometi\u00f3: \u201cTus hijos y tus nietos van a vivir maravillosamente bien\u201d, y agreg\u00f3: \u201cTengo una buena noticia, en los procesos de convergencia dos tercios de la mejora ocurre en el primer tercio. La mejora la ves en 15 a\u00f1os\u201d, afirm\u00f3 esta ma\u00f1ana en di\u00e1logo con radio Delta 90.3, antes de ingresar a la reuni\u00f3n de Gabinete.<\/p>\n<p>Con respecto al rechazo del DNU en el Congreso por parte de la oposici\u00f3n, respondi\u00f3: \u201cLos partidos tienen 90 minutos, no terminan hasta el pitazo final, estamos confiados en que todo va a salir adelante\u201d.<\/p>\n<p>Tambi\u00e9n dijo que <strong>tiene \u201cconciencia\u201d del sufrimiento de la gente que se ve afectada<\/strong> por las primeras medidas de fuerte ajuste, y sostuvo: \u201cNosotros tenemos conciencia, no hacer nada o hacer lo mismo que ven\u00edamos haciendo iba a ser infinitamente peor. Yo no quiero una Argentina con 98% de pobres y la mitad de indigentes. <strong>Estamos trabajando a brazo partido para evitar la crisis<\/strong> y lo estamos logrando\u201d, afirm\u00f3 durante el reportaje radial.<\/p>\n<p>El Presidente reiter\u00f3 que \u201capuntar como objetivo a tener un ingreso per capita diez veces m\u00e1s alto es un buen objetivo, ser de los pa\u00edses m\u00e1s ricos del mundo es un buen objetivo\u201d.<\/p>\n<p>Cabe recordar, que en su saludo de A\u00f1o Nuevo, Milei hab\u00eda planteado que las reformas profundas que busca llevar adelante su administraci\u00f3n permitir\u00edan aspirar a que, en un plazo de 45 a\u00f1os, se multiplique por 10 veces el PBI per c\u00e1pita, \u201calcanzando niveles similares a Irlanda\u201d.<\/p>\n<p>Esa comparaci\u00f3n y el extenso plazo para ver el efecto positivo de su plan econ\u00f3mico generaron diversas cr\u00edticas en un contexto de fuerte deterioro del poder adquisitivo de los argentinos a partir de las fuertes medidas de ajuste y del \u201csacrificio\u201d que pide el Gobierno.<\/p>\n<p>En tanto ahora, en una entrevista radial, el mandatario marc\u00f3 una distancia m\u00e1s cercana y habl\u00f3 de 15 como un tiempo en el que se ver\u00edan las mejoras.<\/p>\n<p>Cabe remarcar que ayer el fallo de la C\u00e1mara Nacional de Apelaciones de Trabajo le puso un freno al cap\u00edtulo de la reforma laboral incluido en el mega DNU del presidente Milei y la CGT ratific\u00f3 el paro de medio d\u00eda para el mi\u00e9rcoles 24 de enero.<\/p>\n<p>El Gobierno apelar\u00e1 el fallo de la C\u00e1mara del Trabajo que fren\u00f3 la reforma, ante el planteo de la CGT al segmento laboral del DNU \u201cdesregulador\u201d y pedir\u00e1 la \u201cincompetencia\u201d de ese fuero para tratar el expediente para que, as\u00ed, pueda ser tratado por un tribunal federal en lo contencioso administrativo. <strong>(VW)<\/strong><\/p>\n","protected":false},"excerpt":{"rendered":"<p>El Presidente habl\u00f3 en una entrevista radial en la previa de la reuni\u00f3n de gabinete. Y se refiri\u00f3 al fallo que suspendi\u00f3 la reforma laboral del DNU: \u201cConfiamos en que va a salir adelante\u201d,&#46;&#46;&#46;<\/p>\n","protected":false},"author":4,"featured_media":13216,"comment_status":"closed","ping_status":"closed","sticky":false,"template":"","format":"standard","meta":{"_monsterinsights_skip_tracking":false,"_monsterinsights_sitenote_active":false,"_monsterinsights_sitenote_note":"","_monsterinsights_sitenote_category":0,"footnotes":""},"categories":[4],"tags":[676,5497,4530],"class_list":["post-13215","post","type-post","status-publish","format-standard","has-post-thumbnail","hentry","category-politica","tag-dnu","tag-en-15-anos-habra-mejoras","tag-milei"],"_links":{"self":[{"href":"https:\/\/www.visionweb.com.ar\/index.php?rest_route=\/wp\/v2\/posts\/13215","targetHints":{"allow":["GET"]}}],"collection":[{"href":"https:\/\/www.visionweb.com.ar\/index.php?rest_route=\/wp\/v2\/posts"}],"about":[{"href":"https:\/\/www.visionweb.com.ar\/index.php?rest_route=\/wp\/v2\/types\/post"}],"author":[{"embeddable":true,"href":"https:\/\/www.visionweb.com.ar\/index.php?rest_route=\/wp\/v2\/users\/4"}],"replies":[{"embeddable":true,"href":"https:\/\/www.visionweb.com.ar\/index.php?rest_route=%2Fwp%2Fv2%2Fcomments&post=13215"}],"version-history":[{"count":1,"href":"https:\/\/www.visionweb.com.ar\/index.php?rest_route=\/wp\/v2\/posts\/13215\/revisions"}],"predecessor-version":[{"id":13217,"href":"https:\/\/www.visionweb.com.ar\/index.php?rest_route=\/wp\/v2\/posts\/13215\/revisions\/13217"}],"wp:featuredmedia":[{"embeddable":true,"href":"https:\/\/www.visionweb.com.ar\/index.php?rest_route=\/wp\/v2\/media\/13216"}],"wp:attachment":[{"href":"https:\/\/www.visionweb.com.ar\/index.php?rest_route=%2Fwp%2Fv2%2Fmedia&parent=13215"}],"wp:term":[{"taxonomy":"category","embeddable":true,"href":"https:\/\/www.visionweb.com.ar\/index.php?rest_route=%2Fwp%2Fv2%2Fcategories&post=13215"},{"taxonomy":"post_tag","embeddable":true,"href":"https:\/\/www.visionweb.com.ar\/index.php?rest_route=%2Fwp%2Fv2%2Ftags&post=13215"}],"curies":[{"name":"wp","href":"https:\/\/api.w.org\/{rel}","templated":true}]}}