{"id":13208,"date":"2024-01-04T11:44:29","date_gmt":"2024-01-04T14:44:29","guid":{"rendered":"https:\/\/www.visionweb.com.ar\/?p=13208"},"modified":"2024-01-04T11:44:29","modified_gmt":"2024-01-04T14:44:29","slug":"contra-el-dnu-intendentes-de-todo-el-pais-presentaron-recurso-de-amparo","status":"publish","type":"post","link":"https:\/\/www.visionweb.com.ar\/?p=13208","title":{"rendered":"Contra el DNU: Intendentes de todo el pa\u00eds presentaron recurso de amparo"},"content":{"rendered":"<p><em><strong>Se trata de 500 alcaldes nucleados en la FAM. Pidieron que se deje sin efecto el DNU 70\/2023 \u201chasta tanto se dicte sentencia pasada en autoridad de cosa juzgada\u201d.<\/strong><\/em><!--more--><\/p>\n<div id=\"attachment_13209\" style=\"width: 310px\" class=\"wp-caption alignright\"><img loading=\"lazy\" decoding=\"async\" aria-describedby=\"caption-attachment-13209\" class=\"wp-image-13209 size-medium\" src=\"https:\/\/www.visionweb.com.ar\/wp-content\/uploads\/2024\/01\/Intendentes-de-la-FAM-300x182.png\" alt=\"\" width=\"300\" height=\"182\" srcset=\"https:\/\/www.visionweb.com.ar\/wp-content\/uploads\/2024\/01\/Intendentes-de-la-FAM-300x182.png 300w, https:\/\/www.visionweb.com.ar\/wp-content\/uploads\/2024\/01\/Intendentes-de-la-FAM.png 552w\" sizes=\"auto, (max-width: 300px) 100vw, 300px\" \/><p id=\"caption-attachment-13209\" class=\"wp-caption-text\">Intendentes de la FAM. Imagen de archivo<\/p><\/div>\n<p><strong>\u00a0 \u00a0 U<\/strong>n total de 500 intendentes de todo el pa\u00eds, agrupados en la <strong>Federaci\u00f3n Argentina de Municipios<\/strong> (FAM), presentaron ante la Justicia un <strong>recurso de amparo contra el decreto de necesidad y urgencia (DNU) 70\/2023<\/strong> de desregulaci\u00f3n econ\u00f3mica presentado por el presidente Javier Milei, se inform\u00f3 hoy oficialmente.<\/p>\n<p>La presentaci\u00f3n, a la que tuvo acceso T\u00e9lam, fue hecha el martes, lleva la firma del presidente de la FAM, Fernando Espinoza (intendente de La Matanza), y <strong>pidi\u00f3 que se deje sin efecto el DNU 70\/2023 \u201chasta tanto se dicte sentencia pasada en autoridad de cosa juzgada<\/strong>\u201d.<\/p>\n<p>A la vez, el recurso judicial planteado ante la C\u00e1mara en lo Contencioso Administrativo Federal porte\u00f1a solicit\u00f3 \u201cque se ordene, como medida de urgente de protecci\u00f3n cautelar, la <strong>inmediata suspensi\u00f3n de los efectos del decreto hasta tanto las C\u00e1maras del Congreso de la Naci\u00f3n se expidan por la aceptaci\u00f3n o rechazo del Decreto 70\/23<\/strong>\u201d.<\/p>\n<p><strong>\u201cDesde la Federaci\u00f3n Argentina de Municipios hemos decidido trabajar para ponerle un freno al accionar inconstitucional que impulsa el Gobierno nacional de Javier Milei. Por eso, 500 intendentas e intendentes de todo el pa\u00eds presentamos este recurso de amparo ante la Justicia para frenar el DNU que avasalla los derechos de las argentinas y argentinos\u201d<\/strong>, explic\u00f3 Espinoza en un comunicado.<\/p>\n<p>El dirigente peronista, explic\u00f3 que el decreto presidencial \u201cafecta gravemente muchos aspectos de la vida de nuestras vecinas y vecinos, deja desprotegidos a nuestros jubilados y jubiladas, y atenta contra nuestras PyMEs y los productores regionales\u201d.<\/p>\n<p>En la acci\u00f3n de amparo, se se\u00f1al\u00f3 que<strong>\u00a0\u201cel decreto cuestionado viola el presupuesto de validez esencial fijado por la Constituci\u00f3n, por cuanto arremete contra el principio general consagrado por el art. 99 inciso 3\u00ba, que es la prohibici\u00f3n del Presidente de dictar disposiciones de car\u00e1cter legislativo\u201d.<\/strong><\/p>\n<p>\u201cPero para ello, y sin la intermediaci\u00f3n (como corresponde) del Congreso, prefiri\u00f3 arrogarse facultades extraordinarias equivalentes a ejercer la suma del poder p\u00fablico y as\u00ed derogar el siguiente paquete normativo de amplia vigencia en el pa\u00eds\u201d, mencion\u00f3.<\/p>\n<p>Y se sostuvo que el DNU \u201cviola el principio rector que sustenta el estatuto del poder: la separaci\u00f3n de poderes y conduce a la suma del poder p\u00fablico\u201d y se destaca que \u201cconstituye una amenaza cierta e inmediata sobre el sistema democr\u00e1tico\u201d.<\/p>\n<p>En ese sentido, Espinoza consider\u00f3 que<strong>\u00a0\u201ca d\u00edas de haber asumido Milei, ya se gener\u00f3 un antes y un despu\u00e9s en la Argentina. Vemos c\u00f3mo se van cayendo argentinos del sistema laboral y c\u00f3mo se est\u00e1 generando un desmoronamiento del poder econ\u00f3mico de todo el pueblo\u201d, afirm\u00f3.<\/strong><\/p>\n<p>\u201cNosotros, como primer escal\u00f3n de la democracia, tenemos la responsabilidad de defender las voces de millones de mujeres, hombres, abuelas y abuelos, estudiantes, trabajadores y trabajadoras y PyMEs, productores rurales y regionales que representamos en cada una de nuestras ciudades\u201d, dijo. (Con informaci\u00f3n de T\u00e9lam). <strong>(VW)<\/strong><\/p>\n","protected":false},"excerpt":{"rendered":"<p>Se trata de 500 alcaldes nucleados en la FAM. Pidieron que se deje sin efecto el DNU 70\/2023 \u201chasta tanto se dicte sentencia pasada en autoridad de cosa juzgada\u201d.<\/p>\n","protected":false},"author":4,"featured_media":13209,"comment_status":"closed","ping_status":"closed","sticky":false,"template":"","format":"standard","meta":{"_monsterinsights_skip_tracking":false,"_monsterinsights_sitenote_active":false,"_monsterinsights_sitenote_note":"","_monsterinsights_sitenote_category":0,"footnotes":""},"categories":[4],"tags":[5492,5494,5495,5496,5493],"class_list":["post-13208","post","type-post","status-publish","format-standard","has-post-thumbnail","hentry","category-politica","tag-500-intendentes","tag-dnu-70-2023","tag-espinoza","tag-fam","tag-recurso-de-amparo"],"_links":{"self":[{"href":"https:\/\/www.visionweb.com.ar\/index.php?rest_route=\/wp\/v2\/posts\/13208","targetHints":{"allow":["GET"]}}],"collection":[{"href":"https:\/\/www.visionweb.com.ar\/index.php?rest_route=\/wp\/v2\/posts"}],"about":[{"href":"https:\/\/www.visionweb.com.ar\/index.php?rest_route=\/wp\/v2\/types\/post"}],"author":[{"embeddable":true,"href":"https:\/\/www.visionweb.com.ar\/index.php?rest_route=\/wp\/v2\/users\/4"}],"replies":[{"embeddable":true,"href":"https:\/\/www.visionweb.com.ar\/index.php?rest_route=%2Fwp%2Fv2%2Fcomments&post=13208"}],"version-history":[{"count":1,"href":"https:\/\/www.visionweb.com.ar\/index.php?rest_route=\/wp\/v2\/posts\/13208\/revisions"}],"predecessor-version":[{"id":13210,"href":"https:\/\/www.visionweb.com.ar\/index.php?rest_route=\/wp\/v2\/posts\/13208\/revisions\/13210"}],"wp:featuredmedia":[{"embeddable":true,"href":"https:\/\/www.visionweb.com.ar\/index.php?rest_route=\/wp\/v2\/media\/13209"}],"wp:attachment":[{"href":"https:\/\/www.visionweb.com.ar\/index.php?rest_route=%2Fwp%2Fv2%2Fmedia&parent=13208"}],"wp:term":[{"taxonomy":"category","embeddable":true,"href":"https:\/\/www.visionweb.com.ar\/index.php?rest_route=%2Fwp%2Fv2%2Fcategories&post=13208"},{"taxonomy":"post_tag","embeddable":true,"href":"https:\/\/www.visionweb.com.ar\/index.php?rest_route=%2Fwp%2Fv2%2Ftags&post=13208"}],"curies":[{"name":"wp","href":"https:\/\/api.w.org\/{rel}","templated":true}]}}