{"id":13203,"date":"2024-01-04T11:35:14","date_gmt":"2024-01-04T14:35:14","guid":{"rendered":"https:\/\/www.visionweb.com.ar\/?p=13203"},"modified":"2024-01-04T11:36:04","modified_gmt":"2024-01-04T14:36:04","slug":"cambio-de-mano-la-empresa-de-colectivos-andrade","status":"publish","type":"post","link":"https:\/\/www.visionweb.com.ar\/?p=13203","title":{"rendered":"Cambi\u00f3 de mano la empresa de colectivos Andrade"},"content":{"rendered":"<p><em><strong>Para los habitantes de los distritos de Lan\u00fas y Lomas de Zamora, los colectivos amarillos de la 283 pasar\u00e1n a formar parte de la nostalgia sure\u00f1a. Pronto se ver\u00e1n los celeste y blanco.<\/strong><\/em><!--more--><\/p>\n<div id=\"attachment_13204\" style=\"width: 310px\" class=\"wp-caption alignleft\"><img loading=\"lazy\" decoding=\"async\" aria-describedby=\"caption-attachment-13204\" class=\"wp-image-13204 size-medium\" src=\"https:\/\/www.visionweb.com.ar\/wp-content\/uploads\/2024\/01\/BONDI-AMARILLO-300x169.png\" alt=\"\" width=\"300\" height=\"169\" srcset=\"https:\/\/www.visionweb.com.ar\/wp-content\/uploads\/2024\/01\/BONDI-AMARILLO-300x169.png 300w, https:\/\/www.visionweb.com.ar\/wp-content\/uploads\/2024\/01\/BONDI-AMARILLO.png 720w\" sizes=\"auto, (max-width: 300px) 100vw, 300px\" \/><p id=\"caption-attachment-13204\" class=\"wp-caption-text\"><em><strong>El cl\u00e1sico colectivo amarillo \u00abel huevo\u00bb, en poco m\u00e1s de dos meses ser\u00e1 una imagen del recuerdo que desde hace m\u00e1s de medio siglo dio identidad a Lan\u00fas.<\/strong><\/em><\/p><\/div>\n<p>La legendaria empresa de colectivos Compa\u00f1\u00eda Andrade, fundada en 1950, pas\u00f3 a manos del mega grupo DOTA que concentra las principales lineas de que unen la ciudad de Buenos Aires con el Gran Buenos Aires.<\/p>\n<p>La tradicional l\u00ednea de colectivos amarillos, licenciataria de las l\u00edneas 283 (B1, B2 , B3 y 523) un cl\u00e1sico del sur del Gran Buenos Aires, une la estaci\u00f3n Lan\u00fas con Puente de La Noria, Villa Albertina (Lomas de Zamora;, el cementerio de Lomas y la estaci\u00f3n Remedios de Escala.<\/p>\n<p>La compa\u00f1\u00eda vecinal fue ahora fue <strong>adquiridas por la empresa Gral. Tom\u00e1s Guido integrante del conglomerado DOTA<\/strong>\u00a0que afianza una posici\u00f3n dominante en el transporte p\u00fablico automotor del \u00c1rea Metropolitana de Buenos Aires (AMBA).<\/p>\n<p>Esta absorci\u00f3n de los, hasta ahora colectivos amarillos de la Compa\u00f1\u00eda Andrade S.A., por parte del gigante blanco se hizo efectiva con el comienzo de 2024 y, seg\u00fan indicaron fuentes de la DOTA,\u00a0<strong>en los pr\u00f3ximos 60 d\u00edas los usuarios asistir\u00e1n a una renovaci\u00f3n de la flota de unidades.<\/strong><\/p>\n<div class=\"vw-post-content clearfix\">\n<p>En ese sentido, adelantaron que\u00a0<strong>sumar\u00e1n coches fabricados por la brasile\u00f1a Agrale<\/strong>, lo que supondr\u00e1 una modernizaci\u00f3n en la flota que quedar\u00eda uniformada en t\u00e9rminos de operatividad e identidad visual.<strong>(VW)<\/strong><\/p>\n<\/div>\n<p>&nbsp;<\/p>\n","protected":false},"excerpt":{"rendered":"<p>Para los habitantes de los distritos de Lan\u00fas y Lomas de Zamora, los colectivos amarillos de la 283 pasar\u00e1n a formar parte de la nostalgia sure\u00f1a. Pronto se ver\u00e1n los celeste y blanco.<\/p>\n","protected":false},"author":3,"featured_media":13204,"comment_status":"closed","ping_status":"closed","sticky":false,"template":"","format":"standard","meta":{"_monsterinsights_skip_tracking":false,"_monsterinsights_sitenote_active":false,"_monsterinsights_sitenote_note":"","_monsterinsights_sitenote_category":0,"footnotes":""},"categories":[8],"tags":[5490,5489,705,5491],"class_list":["post-13203","post","type-post","status-publish","format-standard","has-post-thumbnail","hentry","category-interes-general","tag-amarillos","tag-andrade","tag-colectivos","tag-pase-de-mano"],"_links":{"self":[{"href":"https:\/\/www.visionweb.com.ar\/index.php?rest_route=\/wp\/v2\/posts\/13203","targetHints":{"allow":["GET"]}}],"collection":[{"href":"https:\/\/www.visionweb.com.ar\/index.php?rest_route=\/wp\/v2\/posts"}],"about":[{"href":"https:\/\/www.visionweb.com.ar\/index.php?rest_route=\/wp\/v2\/types\/post"}],"author":[{"embeddable":true,"href":"https:\/\/www.visionweb.com.ar\/index.php?rest_route=\/wp\/v2\/users\/3"}],"replies":[{"embeddable":true,"href":"https:\/\/www.visionweb.com.ar\/index.php?rest_route=%2Fwp%2Fv2%2Fcomments&post=13203"}],"version-history":[{"count":2,"href":"https:\/\/www.visionweb.com.ar\/index.php?rest_route=\/wp\/v2\/posts\/13203\/revisions"}],"predecessor-version":[{"id":13206,"href":"https:\/\/www.visionweb.com.ar\/index.php?rest_route=\/wp\/v2\/posts\/13203\/revisions\/13206"}],"wp:featuredmedia":[{"embeddable":true,"href":"https:\/\/www.visionweb.com.ar\/index.php?rest_route=\/wp\/v2\/media\/13204"}],"wp:attachment":[{"href":"https:\/\/www.visionweb.com.ar\/index.php?rest_route=%2Fwp%2Fv2%2Fmedia&parent=13203"}],"wp:term":[{"taxonomy":"category","embeddable":true,"href":"https:\/\/www.visionweb.com.ar\/index.php?rest_route=%2Fwp%2Fv2%2Fcategories&post=13203"},{"taxonomy":"post_tag","embeddable":true,"href":"https:\/\/www.visionweb.com.ar\/index.php?rest_route=%2Fwp%2Fv2%2Ftags&post=13203"}],"curies":[{"name":"wp","href":"https:\/\/api.w.org\/{rel}","templated":true}]}}