{"id":13200,"date":"2024-01-04T10:12:05","date_gmt":"2024-01-04T13:12:05","guid":{"rendered":"https:\/\/www.visionweb.com.ar\/?p=13200"},"modified":"2024-01-04T10:12:05","modified_gmt":"2024-01-04T13:12:05","slug":"la-ecolonia-de-lomas-quedo-habilitada-para-las-vacaciones-2024","status":"publish","type":"post","link":"https:\/\/www.visionweb.com.ar\/?p=13200","title":{"rendered":"La Ecolonia de Lomas qued\u00f3 habilitada para las vacaciones 2024"},"content":{"rendered":"<p><em><strong>Comenz\u00f3 la temporada de verano y la Ecolonia, en Lomas de Zamora, para chicos y chicas de entre 6 y 12 a\u00f1os que tengan ganas de diviertirse y ayudar al medio ambiente.<\/strong><\/em><!--more--><\/p>\n<p><img loading=\"lazy\" decoding=\"async\" class=\"size-medium wp-image-13201 alignright\" src=\"https:\/\/www.visionweb.com.ar\/wp-content\/uploads\/2024\/01\/COLONIA-DE-VACACCCIONES-EN-LOMAS-300x194.png\" alt=\"\" width=\"300\" height=\"194\" srcset=\"https:\/\/www.visionweb.com.ar\/wp-content\/uploads\/2024\/01\/COLONIA-DE-VACACCCIONES-EN-LOMAS-300x194.png 300w, https:\/\/www.visionweb.com.ar\/wp-content\/uploads\/2024\/01\/COLONIA-DE-VACACCCIONES-EN-LOMAS-768x497.png 768w, https:\/\/www.visionweb.com.ar\/wp-content\/uploads\/2024\/01\/COLONIA-DE-VACACCCIONES-EN-LOMAS.png 1024w\" sizes=\"auto, (max-width: 300px) 100vw, 300px\" \/>La Ecolonia de Lomas de Zamora abri\u00f3 sus puertas para que durante enero y febrero chicos y chicas de entre 6 a 12 a\u00f1os disfruten de<strong>\u00a0actividades recreativas y deportivas y entretenimiento con perspectiva ambiental,\u00a0<\/strong>y para que \u201cinteract\u00faen con otros chicos y disfruten del espacio verde y las piletas\u201d, resalt\u00f3 Betina L\u00f3pez, directora de la Ecolonia.<\/p>\n<p>La colonia de verano estar\u00e1 abierta hasta principios de febrero en el Parque de Villa Albertina, ubicado en Homero 2601, de martes a viernes de 9 a 14.<\/p>\n<p>Los interesados, con domicilio en el distrito, podr\u00e1n inscribirse y reservar lugar de forma gratuita a trav\u00e9s de la <a href=\"https:\/\/www.lomasdezamora.gov.ar\/InscripcionColonia.aspx\" data-type=\"link\" data-id=\"https:\/\/www.lomasdezamora.gov.ar\/InscripcionColonia.aspx\">p\u00e1gina web<\/a>\u00a0del municipio, donde se ir\u00e1n habilitando nuevas fechas semana a semana.<\/p>\n<p>La Ecolonia cuenta con\u00a0<strong>un gran parque acu\u00e1tico con seis toboganes, un espejo de agua con siete aspersores, un mangrullo y una torre de 6 metros de altura.<\/strong>\u00a0En el predio los chicos y chicas adem\u00e1s podr\u00e1n disfrutar de actividades recreativas al aire libre con el acompa\u00f1amiento de guardavidas, profesores y coordinadores de la Secretar\u00eda de Deportes del Municipio.<\/p>\n<p><strong>Capacitaci\u00f3n<\/strong><\/p>\n<p>Adem\u00e1s, la Secretar\u00eda de Ambiente local\u00a0<strong>brindar\u00e1 talleres sobre ecolog\u00eda, como huerta, reciclado, compostaje y biodiversidad<\/strong>\u00a0\u201cpara concientizar con el cuidado del medio ambiente mientras se divierten\u201d, remarc\u00f3 L\u00f3pez, en di\u00e1logo con AUNO. Lo que se busca en la ecolonia es \u201cinculcar valores, concientizar sobre el medio ambiente y que disfruten de un verano lleno de buenos momentos con amigos\u201d, a\u00f1adi\u00f3 L\u00f3pez.<\/p>\n<p>El intendente de Lomas de Zamora, Federico Oterm\u00edn, visit\u00f3 ayer las instalaciones para supervisar el inicio de la nueva temporada y remarc\u00f3: \u201cLa Ecolonia de Lomas es una propuesta integral para miles de personas que nos llena de orgullo y alegr\u00eda, por eso a pesar de todas las dificultades, decidimos m\u00e1s que nunca sostenerla y potenciarla\u201d.<\/p>\n<p>\u201cCreemos que es muy importante que las familias lomenses cuenten con estos \u00e1mbitos en donde sus hijos puedan divertirse con seguridad, meterse a la pile y jugar con sus pares\u201d, agreg\u00f3 el intendente durante la recorrida por el predio, que los fines de semana estar\u00e1 abierto a las familias.<strong>(vw)<\/strong><\/p>\n<p>&nbsp;<\/p>\n","protected":false},"excerpt":{"rendered":"<p>Comenz\u00f3 la temporada de verano y la Ecolonia, en Lomas de Zamora, para chicos y chicas de entre 6 y 12 a\u00f1os que tengan ganas de diviertirse y ayudar al medio ambiente.<\/p>\n","protected":false},"author":3,"featured_media":13201,"comment_status":"closed","ping_status":"closed","sticky":false,"template":"","format":"standard","meta":{"_monsterinsights_skip_tracking":false,"_monsterinsights_sitenote_active":false,"_monsterinsights_sitenote_note":"","_monsterinsights_sitenote_category":0,"footnotes":""},"categories":[7,8],"tags":[4284,180,1550],"class_list":["post-13200","post","type-post","status-publish","format-standard","has-post-thumbnail","hentry","category-educacion-y-cultura","category-interes-general","tag-lomas","tag-temporada","tag-vacaciones"],"_links":{"self":[{"href":"https:\/\/www.visionweb.com.ar\/index.php?rest_route=\/wp\/v2\/posts\/13200","targetHints":{"allow":["GET"]}}],"collection":[{"href":"https:\/\/www.visionweb.com.ar\/index.php?rest_route=\/wp\/v2\/posts"}],"about":[{"href":"https:\/\/www.visionweb.com.ar\/index.php?rest_route=\/wp\/v2\/types\/post"}],"author":[{"embeddable":true,"href":"https:\/\/www.visionweb.com.ar\/index.php?rest_route=\/wp\/v2\/users\/3"}],"replies":[{"embeddable":true,"href":"https:\/\/www.visionweb.com.ar\/index.php?rest_route=%2Fwp%2Fv2%2Fcomments&post=13200"}],"version-history":[{"count":1,"href":"https:\/\/www.visionweb.com.ar\/index.php?rest_route=\/wp\/v2\/posts\/13200\/revisions"}],"predecessor-version":[{"id":13202,"href":"https:\/\/www.visionweb.com.ar\/index.php?rest_route=\/wp\/v2\/posts\/13200\/revisions\/13202"}],"wp:featuredmedia":[{"embeddable":true,"href":"https:\/\/www.visionweb.com.ar\/index.php?rest_route=\/wp\/v2\/media\/13201"}],"wp:attachment":[{"href":"https:\/\/www.visionweb.com.ar\/index.php?rest_route=%2Fwp%2Fv2%2Fmedia&parent=13200"}],"wp:term":[{"taxonomy":"category","embeddable":true,"href":"https:\/\/www.visionweb.com.ar\/index.php?rest_route=%2Fwp%2Fv2%2Fcategories&post=13200"},{"taxonomy":"post_tag","embeddable":true,"href":"https:\/\/www.visionweb.com.ar\/index.php?rest_route=%2Fwp%2Fv2%2Ftags&post=13200"}],"curies":[{"name":"wp","href":"https:\/\/api.w.org\/{rel}","templated":true}]}}