{"id":13195,"date":"2024-01-03T16:36:49","date_gmt":"2024-01-03T19:36:49","guid":{"rendered":"https:\/\/www.visionweb.com.ar\/?p=13195"},"modified":"2024-01-03T16:36:49","modified_gmt":"2024-01-03T19:36:49","slug":"es-ley-la-eliminacion-de-la-jefatura-de-gabinete-bonaerense","status":"publish","type":"post","link":"https:\/\/www.visionweb.com.ar\/?p=13195","title":{"rendered":"Es Ley la eliminaci\u00f3n de la Jefatura de Gabinete bonaerense"},"content":{"rendered":"<p><em><strong>El Senado provincial aprob\u00f3 una iniciativa del gobernador Axel Kicillof y dispuso<\/strong> <strong>el traspaso de algunas de sus funciones a la \u00f3rbita del Ministerio de Gobierno.<\/strong><\/em><strong>\u00a0 \u00a0<\/strong><!--more--><\/p>\n<p><img loading=\"lazy\" decoding=\"async\" class=\"size-medium wp-image-13198 alignright\" src=\"https:\/\/www.visionweb.com.ar\/wp-content\/uploads\/2024\/01\/Veronica-Magario-toma-joramento-a-los-nuevos-legisladores-2-300x200.png\" alt=\"\" width=\"300\" height=\"200\" srcset=\"https:\/\/www.visionweb.com.ar\/wp-content\/uploads\/2024\/01\/Veronica-Magario-toma-joramento-a-los-nuevos-legisladores-2-300x200.png 300w, https:\/\/www.visionweb.com.ar\/wp-content\/uploads\/2024\/01\/Veronica-Magario-toma-joramento-a-los-nuevos-legisladores-2-1024x683.png 1024w, https:\/\/www.visionweb.com.ar\/wp-content\/uploads\/2024\/01\/Veronica-Magario-toma-joramento-a-los-nuevos-legisladores-2-768x512.png 768w, https:\/\/www.visionweb.com.ar\/wp-content\/uploads\/2024\/01\/Veronica-Magario-toma-joramento-a-los-nuevos-legisladores-2.png 1500w\" sizes=\"auto, (max-width: 300px) 100vw, 300px\" \/> vicegobernadora Ver\u00f3nica Magario encabez\u00f3 una nueva <strong>sesi\u00f3n extraordinaria en la C\u00e1mara Alta bonaerense, donde aprob\u00f3 la reforma a la Ley de Ministerios enviada por el gobernador Axel Kicillof<\/strong>.<\/p>\n<p>La misma busca optimizar la organizaci\u00f3n de la administraci\u00f3n p\u00fablica a fin de asegurar la eficiencia en su funcionamiento.<\/p>\n<p>La principal modificaci\u00f3n a la norma es la eliminaci\u00f3n de la Jefatura de Gabinete y el traspaso de algunas de sus funciones a la \u00f3rbita del Ministerio de Gobierno, indicaron en el Senado bonaerense en un comunicado de prensa.<\/p>\n<p>A su vez, incluye la modificaci\u00f3n de nombres de dos ministerios: Hacienda y Finanzas pasar\u00e1 a denominarse Econom\u00eda; y Mujeres, Pol\u00edticas de G\u00e9nero y Diversidad se llamar\u00e1 Mujeres y Diversidad.<\/p>\n<p>De este modo, las carteras que conforman la estructura gubernamental bonaerense ser\u00e1n: Ambiente, Comunicaci\u00f3n P\u00fablica, Desarrollo Agrario, Desarrollo de la Comunidad, Econom\u00eda, Gobierno, H\u00e1bitat y Desarrollo Urbano, Infraestructura y Servicios P\u00fablicos, Justicia y Derechos Humanos, Mujeres y Diversidad, Producci\u00f3n, Ciencia e Innovaci\u00f3n Tecnol\u00f3gica, Salud, Seguridad, Trabajo y Transporte.<\/p>\n<p>Asimismo, durante la sesi\u00f3n extraordinaria, el Senado bonaerense aprob\u00f3 el pliego de designaci\u00f3n <strong>de Juan Cuattromo al frente del Banco Provincia. De esta manera, fue ratificado al frente de la entidad que conduce actualmente.<\/strong><\/p>\n<p>Por otro lado, y debido al tr\u00e1gico temporal que azot\u00f3 al municipio de Bah\u00eda Blanca, la C\u00e1mara Alta provincial aprob\u00f3 una resoluci\u00f3n que crea un Programa de Asistencia de Emergencia a favor del distrito bonaerense.<\/p>\n<p>En otro pasaje, la vicegobernadora y presidenta del Cuerpo, Ver\u00f3nica Magario, tom\u00f3 juramento al senador Pedro Borgini; a su par Sabrina Bastida (en reemplazo de Florencia Saintout, ratificada al frente del Instituto Cultural de la provincia de Buenos Aires); y a Liliana Schwindt (quien ingres\u00f3 en lugar de Eduardo Bucca, senador en uso de licencia)<strong>(VW)<\/strong><\/p>\n","protected":false},"excerpt":{"rendered":"<p>El Senado provincial aprob\u00f3 una iniciativa del gobernador Axel Kicillof y dispuso el traspaso de algunas de sus funciones a la \u00f3rbita del Ministerio de Gobierno.\u00a0 \u00a0<\/p>\n","protected":false},"author":3,"featured_media":13198,"comment_status":"closed","ping_status":"closed","sticky":false,"template":"","format":"standard","meta":{"_monsterinsights_skip_tracking":false,"_monsterinsights_sitenote_active":false,"_monsterinsights_sitenote_note":"","_monsterinsights_sitenote_category":0,"footnotes":""},"categories":[4],"tags":[4737,5488,5487,890,5486],"class_list":["post-13195","post","type-post","status-publish","format-standard","has-post-thumbnail","hentry","category-politica","tag-cargos","tag-cuatrammo","tag-juramento","tag-legisladores","tag-senado-ba"],"_links":{"self":[{"href":"https:\/\/www.visionweb.com.ar\/index.php?rest_route=\/wp\/v2\/posts\/13195","targetHints":{"allow":["GET"]}}],"collection":[{"href":"https:\/\/www.visionweb.com.ar\/index.php?rest_route=\/wp\/v2\/posts"}],"about":[{"href":"https:\/\/www.visionweb.com.ar\/index.php?rest_route=\/wp\/v2\/types\/post"}],"author":[{"embeddable":true,"href":"https:\/\/www.visionweb.com.ar\/index.php?rest_route=\/wp\/v2\/users\/3"}],"replies":[{"embeddable":true,"href":"https:\/\/www.visionweb.com.ar\/index.php?rest_route=%2Fwp%2Fv2%2Fcomments&post=13195"}],"version-history":[{"count":1,"href":"https:\/\/www.visionweb.com.ar\/index.php?rest_route=\/wp\/v2\/posts\/13195\/revisions"}],"predecessor-version":[{"id":13199,"href":"https:\/\/www.visionweb.com.ar\/index.php?rest_route=\/wp\/v2\/posts\/13195\/revisions\/13199"}],"wp:featuredmedia":[{"embeddable":true,"href":"https:\/\/www.visionweb.com.ar\/index.php?rest_route=\/wp\/v2\/media\/13198"}],"wp:attachment":[{"href":"https:\/\/www.visionweb.com.ar\/index.php?rest_route=%2Fwp%2Fv2%2Fmedia&parent=13195"}],"wp:term":[{"taxonomy":"category","embeddable":true,"href":"https:\/\/www.visionweb.com.ar\/index.php?rest_route=%2Fwp%2Fv2%2Fcategories&post=13195"},{"taxonomy":"post_tag","embeddable":true,"href":"https:\/\/www.visionweb.com.ar\/index.php?rest_route=%2Fwp%2Fv2%2Ftags&post=13195"}],"curies":[{"name":"wp","href":"https:\/\/api.w.org\/{rel}","templated":true}]}}