{"id":13192,"date":"2024-01-03T11:58:16","date_gmt":"2024-01-03T14:58:16","guid":{"rendered":"https:\/\/www.visionweb.com.ar\/?p=13192"},"modified":"2024-01-03T11:58:16","modified_gmt":"2024-01-03T14:58:16","slug":"ate-impulsa-una-protesta-antes-del-paro-dispuesto-por-la-cgt","status":"publish","type":"post","link":"https:\/\/www.visionweb.com.ar\/?p=13192","title":{"rendered":"ATE impulsa una protesta antes del paro dispuesto por la CGT"},"content":{"rendered":"<p><em><strong>Ser\u00e1 el 15 de enero. La jornada de lucha es para protestar contra los despidos que comenzaron a producirse en el Estado Nacional y el gobierno porte\u00f1o.<\/strong><\/em>\u00a0<!--more--><\/p>\n<p><strong><img loading=\"lazy\" decoding=\"async\" class=\"size-medium wp-image-13193 alignright\" src=\"https:\/\/www.visionweb.com.ar\/wp-content\/uploads\/2024\/01\/ATE-CONVOCA-A-UN-APROTESTA-300x169.png\" alt=\"\" width=\"300\" height=\"169\" srcset=\"https:\/\/www.visionweb.com.ar\/wp-content\/uploads\/2024\/01\/ATE-CONVOCA-A-UN-APROTESTA-300x169.png 300w, https:\/\/www.visionweb.com.ar\/wp-content\/uploads\/2024\/01\/ATE-CONVOCA-A-UN-APROTESTA.png 700w\" sizes=\"auto, (max-width: 300px) 100vw, 300px\" \/>La\u00a0Asociaci\u00f3n Trabajadores del Estado (ATE)\u00a0convoc\u00f3 a una \u201cjornada de lucha\u201d para el 15 de enero<\/strong>, d\u00edas antes de la movilizaci\u00f3n que har\u00e1 el 24 la CGT, en protesta por los\u00a0<a href=\"https:\/\/www.inforegion.com.ar\/2024\/01\/02\/ate-denuncia-despidos-sin-causa\/\">despidos\u00a0<\/a>en varios sectores del Estado nacional y porte\u00f1o.<\/p>\n<p>El titular de ATE,\u00a0Rodolfo Aguiar, ratific\u00f3 que desde esa central sindical se convocar\u00e1 a una \u201cjornada de lucha\u201d el pr\u00f3ximo 15 de enero,\u00a0<strong>en repudio a los despidos de empleados p\u00fablicos<\/strong> y dijo que se anticipar\u00e1 a la CGT porque la fecha del 24 \u201ca los empleados estatales nos est\u00e1 quedando demasiado lejos\u201d, consign\u00f3 el gremio.<\/p>\n<p><strong>Aguiar cifr\u00f3 en 1.100 los despidos de trabajadores nacionales y en 200 los dependientes del Gobierno de la Ciudad de Buenos Aires<\/strong>\u00a0que se comunicaron el pasado viernes, seg\u00fan detall\u00f3 en declaraciones a la prensa luego de la asamblea de ATE que se realizaba esta tarde en un hotel del barrio de Balvanera.<\/p>\n<p>Asimismo se\u00f1al\u00f3:\u00a0<strong>\u201cPresentamos un amparo para anular el DNU\u201d<\/strong>,\u00a0y expres\u00f3:\u00a0\u201cEsperamos un poco m\u00e1s de valent\u00eda de los\u00a0<a href=\"https:\/\/www.inforegion.com.ar\/2024\/01\/02\/la-justicia-habilito-la-feria-judicial-para-tratar-el-amparo-de-la-cgt-contra-el-dnu-de-milei\/\">jueces\u00a0<\/a>de esta Naci\u00f3n porque est\u00e1n quedando en evidencia que solo reciben \u00f3rdenes del Estado nacional\u201d<strong>(VW)<\/strong><\/p>\n","protected":false},"excerpt":{"rendered":"<p>Ser\u00e1 el 15 de enero. La jornada de lucha es para protestar contra los despidos que comenzaron a producirse en el Estado Nacional y el gobierno porte\u00f1o.\u00a0<\/p>\n","protected":false},"author":3,"featured_media":13193,"comment_status":"closed","ping_status":"closed","sticky":false,"template":"","format":"standard","meta":{"_monsterinsights_skip_tracking":false,"_monsterinsights_sitenote_active":false,"_monsterinsights_sitenote_note":"","_monsterinsights_sitenote_category":0,"footnotes":""},"categories":[8],"tags":[],"class_list":["post-13192","post","type-post","status-publish","format-standard","has-post-thumbnail","hentry","category-interes-general"],"_links":{"self":[{"href":"https:\/\/www.visionweb.com.ar\/index.php?rest_route=\/wp\/v2\/posts\/13192","targetHints":{"allow":["GET"]}}],"collection":[{"href":"https:\/\/www.visionweb.com.ar\/index.php?rest_route=\/wp\/v2\/posts"}],"about":[{"href":"https:\/\/www.visionweb.com.ar\/index.php?rest_route=\/wp\/v2\/types\/post"}],"author":[{"embeddable":true,"href":"https:\/\/www.visionweb.com.ar\/index.php?rest_route=\/wp\/v2\/users\/3"}],"replies":[{"embeddable":true,"href":"https:\/\/www.visionweb.com.ar\/index.php?rest_route=%2Fwp%2Fv2%2Fcomments&post=13192"}],"version-history":[{"count":1,"href":"https:\/\/www.visionweb.com.ar\/index.php?rest_route=\/wp\/v2\/posts\/13192\/revisions"}],"predecessor-version":[{"id":13194,"href":"https:\/\/www.visionweb.com.ar\/index.php?rest_route=\/wp\/v2\/posts\/13192\/revisions\/13194"}],"wp:featuredmedia":[{"embeddable":true,"href":"https:\/\/www.visionweb.com.ar\/index.php?rest_route=\/wp\/v2\/media\/13193"}],"wp:attachment":[{"href":"https:\/\/www.visionweb.com.ar\/index.php?rest_route=%2Fwp%2Fv2%2Fmedia&parent=13192"}],"wp:term":[{"taxonomy":"category","embeddable":true,"href":"https:\/\/www.visionweb.com.ar\/index.php?rest_route=%2Fwp%2Fv2%2Fcategories&post=13192"},{"taxonomy":"post_tag","embeddable":true,"href":"https:\/\/www.visionweb.com.ar\/index.php?rest_route=%2Fwp%2Fv2%2Ftags&post=13192"}],"curies":[{"name":"wp","href":"https:\/\/api.w.org\/{rel}","templated":true}]}}