{"id":13186,"date":"2024-01-03T11:38:56","date_gmt":"2024-01-03T14:38:56","guid":{"rendered":"https:\/\/www.visionweb.com.ar\/?p=13186"},"modified":"2024-01-03T11:38:56","modified_gmt":"2024-01-03T14:38:56","slug":"ya-hay-fecha-para-las-audiencias-publicas-para-discutir-los-aumentos-de-luz","status":"publish","type":"post","link":"https:\/\/www.visionweb.com.ar\/?p=13186","title":{"rendered":"Ya hay fecha para las audiencias p\u00fablicas para discutir los aumentos de luz"},"content":{"rendered":"<p><em><strong>Las audiencias p\u00fablicas son un paso formal obligatorio que debe cumplirse antes de aumentar el precio de cualquier servicio p\u00fablico. Ser\u00e1n el 26 y el 29 de enero.<\/strong><\/em><!--more--><\/p>\n<p><img loading=\"lazy\" decoding=\"async\" class=\"size-full wp-image-6133 alignleft\" src=\"https:\/\/www.visionweb.com.ar\/wp-content\/uploads\/2022\/06\/luz-tarifas.bmp\" alt=\"\" width=\"480\" height=\"403\" \/>\u00a0\u00a0 <strong>E<\/strong>l Gobierno de<strong>\u00a0Javier Milei\u00a0<\/strong>avanza con los\u00a0<strong>ajustes<\/strong> y la quita de<strong>\u00a0subsidios\u00a0<\/strong>a los distintos<strong>\u00a0servicios p\u00fablicos<\/strong> con la finalidad de alcanzar el\u00a0<strong>equilibrio fiscal\u00a0<\/strong>para este a\u00f1o, y en ese sentido para aumentar las tarifas de energ\u00eda el\u00e9ctrica, es preciso la realizaci\u00f3n previa de audiencias p\u00fablicas.<\/p>\n<p>De estamanera, el Gobierno Nacional convoc\u00f3 a las audiencias p\u00fablicas de rigor, y de acuerdo a la\u00a0<a href=\"https:\/\/www.boletinoficial.gob.ar\/detalleAviso\/primera\/301552\/20240103\">Resoluci\u00f3n 2\/24<\/a>\u00a0publicada por el Ente Nacional Regulador de la Electricidad (<strong>ENRE<\/strong>) este mi\u00e9rcoles,\u00a0<strong>la primera ser\u00e1 el 26 de enero a las 8.30<\/strong>.<\/p>\n<p>Ese d\u00eda las concesionarias del servicio de\u00a0<strong>distribuci\u00f3n de energ\u00eda el\u00e9ctrica<\/strong>\u00a0que operan en el conurbano bonaerense (<strong>EDENOR<\/strong>\u00a0y<strong>\u00a0EDESUR<\/strong>) presentar\u00e1n su aumento tarifario propuesto. Seg\u00fan fuentes extraoficiales,\u00a0<strong>rondar\u00eda el 200 por ciento<\/strong>.<\/p>\n<p>Paralelamente, con\u00a0<a href=\"https:\/\/www.boletinoficial.gob.ar\/detalleAviso\/primera\/301553\/20240103\">la Resoluci\u00f3n 3\/24<\/a>, el ENRE convoc\u00f3 a la audiencia p\u00fablica destinada al\u00a0<strong>transporte de la energ\u00eda el\u00e9ctrica<\/strong>. En este caso, las concesionarias de dicho servicio, como Transporte de Energ\u00eda El\u00e9ctrica por Distribuci\u00f3n Troncal de la provincia de Buenos Aires S.A. (<strong>TRANSBA<\/strong>) tambi\u00e9n har\u00e1n sus respectivas presentaciones con el objetivo de consagrar una \u00abadecuaci\u00f3n transitoria de la tarifa\u00bb.\u00a0<strong>Esta audiencia ser\u00e1 el 29 de enero a las 8.30<\/strong>.<\/p>\n<p>Ambas instancias estar\u00e1n presididas por el nuevo interventor del ente regulador de la electricidad,\u00a0<strong>Dario Arru\u00e9<\/strong>, quien ya fue formalmente designado en el cargo. Arru\u00e9 es licenciado en Econom\u00eda y forma parte del ENRE desde 1998 como jefe del \u00e1rea de An\u00e1lisis Regulatorio y Estudios Especiales. Asimismo, en 2002, durante el gobierno de\u00a0<strong>Eduardo Duhalde<\/strong>, estuvo al frente de la Subsecretar\u00eda de Energ\u00eda El\u00e9ctrica.<\/p>\n<p>Una vez que las empresas presenten los aumentos tarifarios pretendidos, es el ENRE el encargado de darle el visto bueno o armar otro esquema alternativo.<\/p>\n<p>Con esto, las subas en las facturas de luz para los habitantes del conurbano bonaerense podr\u00edan empezar a aplicarse en marzo o abril. <strong>(VW)<\/strong><\/p>\n","protected":false},"excerpt":{"rendered":"<p>Las audiencias p\u00fablicas son un paso formal obligatorio que debe cumplirse antes de aumentar el precio de cualquier servicio p\u00fablico. Ser\u00e1n el 26 y el 29 de enero.<\/p>\n","protected":false},"author":4,"featured_media":6133,"comment_status":"closed","ping_status":"closed","sticky":false,"template":"","format":"standard","meta":{"_monsterinsights_skip_tracking":false,"_monsterinsights_sitenote_active":false,"_monsterinsights_sitenote_note":"","_monsterinsights_sitenote_category":0,"footnotes":""},"categories":[6,4],"tags":[2433,5484,1297,276,952,5485],"class_list":["post-13186","post","type-post","status-publish","format-standard","has-post-thumbnail","hentry","category-economia","category-politica","tag-audiencia-publica","tag-aumento-de-luz","tag-edenor","tag-edesur","tag-enre","tag-interventor-dario-arrue"],"_links":{"self":[{"href":"https:\/\/www.visionweb.com.ar\/index.php?rest_route=\/wp\/v2\/posts\/13186","targetHints":{"allow":["GET"]}}],"collection":[{"href":"https:\/\/www.visionweb.com.ar\/index.php?rest_route=\/wp\/v2\/posts"}],"about":[{"href":"https:\/\/www.visionweb.com.ar\/index.php?rest_route=\/wp\/v2\/types\/post"}],"author":[{"embeddable":true,"href":"https:\/\/www.visionweb.com.ar\/index.php?rest_route=\/wp\/v2\/users\/4"}],"replies":[{"embeddable":true,"href":"https:\/\/www.visionweb.com.ar\/index.php?rest_route=%2Fwp%2Fv2%2Fcomments&post=13186"}],"version-history":[{"count":1,"href":"https:\/\/www.visionweb.com.ar\/index.php?rest_route=\/wp\/v2\/posts\/13186\/revisions"}],"predecessor-version":[{"id":13187,"href":"https:\/\/www.visionweb.com.ar\/index.php?rest_route=\/wp\/v2\/posts\/13186\/revisions\/13187"}],"wp:featuredmedia":[{"embeddable":true,"href":"https:\/\/www.visionweb.com.ar\/index.php?rest_route=\/wp\/v2\/media\/6133"}],"wp:attachment":[{"href":"https:\/\/www.visionweb.com.ar\/index.php?rest_route=%2Fwp%2Fv2%2Fmedia&parent=13186"}],"wp:term":[{"taxonomy":"category","embeddable":true,"href":"https:\/\/www.visionweb.com.ar\/index.php?rest_route=%2Fwp%2Fv2%2Fcategories&post=13186"},{"taxonomy":"post_tag","embeddable":true,"href":"https:\/\/www.visionweb.com.ar\/index.php?rest_route=%2Fwp%2Fv2%2Ftags&post=13186"}],"curies":[{"name":"wp","href":"https:\/\/api.w.org\/{rel}","templated":true}]}}