{"id":13184,"date":"2024-01-03T11:19:38","date_gmt":"2024-01-03T14:19:38","guid":{"rendered":"https:\/\/www.visionweb.com.ar\/?p=13184"},"modified":"2024-01-03T11:48:47","modified_gmt":"2024-01-03T14:48:47","slug":"ahora-colectivos-y-trenes-aumentaran-todos-los-meses-segun-la-inflacion","status":"publish","type":"post","link":"https:\/\/www.visionweb.com.ar\/?p=13184","title":{"rendered":"Ahora colectivos y trenes aumentar\u00e1n todos los meses seg\u00fan la inflaci\u00f3n"},"content":{"rendered":"<p><em><strong>Las tarifas del transporte p\u00fablico se actualizar\u00e1n mensualmente. Regir\u00e1 desde el 15 de enero.<\/strong><\/em><!--more--><\/p>\n<p><strong><img loading=\"lazy\" decoding=\"async\" class=\"size-medium wp-image-6520 alignright\" src=\"https:\/\/www.visionweb.com.ar\/wp-content\/uploads\/2022\/07\/trenes-estacion-277x300.jpg\" alt=\"\" width=\"277\" height=\"300\" srcset=\"https:\/\/www.visionweb.com.ar\/wp-content\/uploads\/2022\/07\/trenes-estacion-277x300.jpg 277w, https:\/\/www.visionweb.com.ar\/wp-content\/uploads\/2022\/07\/trenes-estacion.jpg 500w\" sizes=\"auto, (max-width: 277px) 100vw, 277px\" \/>\u00a0\u00a0\u00a0 E<\/strong>l<strong> Ministerio de Infraestructura <\/strong>decidi\u00f3 restablecer el esquema de aumentos mensuales de la tarifa de transporte p\u00fablico, as\u00ed\u00a0<strong>colectivos y trenes aumentar\u00e1n todos los meses seg\u00fan los \u00edndices de inflaci\u00f3n<\/strong>, sin tener en cuenta la quita gradual de subsidios que estableci\u00f3 el Gobierno para este a\u00f1o.<\/p>\n<p>La comunicaci\u00f3n se conoce luego de que las autoridades dispusieran aumentos del 45% por el conflicto con las empresas de transporte a ra\u00edz del atraso en las tarifas, con <strong><a href=\"https:\/\/www.boletinoficial.gob.ar\/detalleAviso\/primera\/301555\/20240103\">la Resoluci\u00f3n 8\/23<\/a><\/strong>\u00a0del Ministerio de Infraestructura, a cargo de\u00a0Guillermo Ferraro.<\/p>\n<p>La cartera se propone acercar el precio al p\u00fablico a la \u00ab<strong>tarifa t\u00e9cnica<\/strong>\u00ab, es decir, a los costos declarados por las empresas que prestan el servicio de transporte p\u00fablico.<\/p>\n<p>Desde ahora\u00a0<strong>el incremento ser\u00e1 a partir del \u00edndice de inflaci\u00f3n del mes anterior.<\/strong>\u00a0Esta medida ser\u00e1 v\u00e1lida para\u00a0<strong>todos los colectivos urbanos y suburbanos de jurisdicci\u00f3n nacional y servicios metropolitanos y regionales de trenes del \u00c1rea Metropolitana de Buenos Aires (AMBA).<\/strong><\/p>\n<p>Con respecto a los trenes, a trav\u00e9s de un comunicado, el gobierno indic\u00f3 que \u201cPor ello, desde el 15 de enero de 2024 se aplicar\u00e1 la metodolog\u00eda contemplada por la Resoluci\u00f3n 1017\/22 para actualizar los cuadros tarifarios de los servicios de transporte p\u00fablico de pasajeros ferroviarios\u201d, anunci\u00f3 la cartera.<\/p>\n<p>A trav\u00e9s de un comunicado, el Gobierno apunt\u00f3 adem\u00e1s contra una \u201cpol\u00edtica p\u00fablica equivocada de congelamiento de tarifas\u201d del Ministerio de Transporte anterior.<\/p>\n<p>A la vez, se adelant\u00f3 que se convocar\u00e1 a una audiencia p\u00fablica para la primera quincena de enero: \u201cA los fines de establecer una tarifa que reduzca paulatinamente la incidencia del subsidio a la oferta que ha generado graves distorsiones, incrementando la participaci\u00f3n en el ingreso de las operadoras ferroviarias de la tarifa pagada por los usuarios\u201d, detall\u00f3 el texto. <strong>(VW)<\/strong><\/p>\n","protected":false},"excerpt":{"rendered":"<p>Las tarifas del transporte p\u00fablico se actualizar\u00e1n mensualmente. Regir\u00e1 desde el 15 de enero.<\/p>\n","protected":false},"author":4,"featured_media":6520,"comment_status":"closed","ping_status":"closed","sticky":false,"template":"","format":"standard","meta":{"_monsterinsights_skip_tracking":false,"_monsterinsights_sitenote_active":false,"_monsterinsights_sitenote_note":"","_monsterinsights_sitenote_category":0,"footnotes":""},"categories":[6,4],"tags":[5482,5483,5481],"class_list":["post-13184","post","type-post","status-publish","format-standard","has-post-thumbnail","hentry","category-economia","category-politica","tag-aumentos-mensuales","tag-ministerio-de-infraestructura","tag-tarifas-colectivos-y-trenes"],"_links":{"self":[{"href":"https:\/\/www.visionweb.com.ar\/index.php?rest_route=\/wp\/v2\/posts\/13184","targetHints":{"allow":["GET"]}}],"collection":[{"href":"https:\/\/www.visionweb.com.ar\/index.php?rest_route=\/wp\/v2\/posts"}],"about":[{"href":"https:\/\/www.visionweb.com.ar\/index.php?rest_route=\/wp\/v2\/types\/post"}],"author":[{"embeddable":true,"href":"https:\/\/www.visionweb.com.ar\/index.php?rest_route=\/wp\/v2\/users\/4"}],"replies":[{"embeddable":true,"href":"https:\/\/www.visionweb.com.ar\/index.php?rest_route=%2Fwp%2Fv2%2Fcomments&post=13184"}],"version-history":[{"count":3,"href":"https:\/\/www.visionweb.com.ar\/index.php?rest_route=\/wp\/v2\/posts\/13184\/revisions"}],"predecessor-version":[{"id":13189,"href":"https:\/\/www.visionweb.com.ar\/index.php?rest_route=\/wp\/v2\/posts\/13184\/revisions\/13189"}],"wp:featuredmedia":[{"embeddable":true,"href":"https:\/\/www.visionweb.com.ar\/index.php?rest_route=\/wp\/v2\/media\/6520"}],"wp:attachment":[{"href":"https:\/\/www.visionweb.com.ar\/index.php?rest_route=%2Fwp%2Fv2%2Fmedia&parent=13184"}],"wp:term":[{"taxonomy":"category","embeddable":true,"href":"https:\/\/www.visionweb.com.ar\/index.php?rest_route=%2Fwp%2Fv2%2Fcategories&post=13184"},{"taxonomy":"post_tag","embeddable":true,"href":"https:\/\/www.visionweb.com.ar\/index.php?rest_route=%2Fwp%2Fv2%2Ftags&post=13184"}],"curies":[{"name":"wp","href":"https:\/\/api.w.org\/{rel}","templated":true}]}}