{"id":13171,"date":"2024-01-02T14:41:25","date_gmt":"2024-01-02T17:41:25","guid":{"rendered":"https:\/\/www.visionweb.com.ar\/?p=13171"},"modified":"2024-01-02T14:41:25","modified_gmt":"2024-01-02T17:41:25","slug":"dan-de-baja-a-4500-beneficiarios-del-programa-potenciar-trabajo","status":"publish","type":"post","link":"https:\/\/www.visionweb.com.ar\/?p=13171","title":{"rendered":"Dan de baja a 4500 beneficiarios del programa \u00abpotenciar trabajo\u00bb"},"content":{"rendered":"<p><em><strong>La decisi\u00f3n hab\u00eda sido anticipada d\u00edas atr\u00e1s por el Ministerio de Capital Humano. El Gobierno avis\u00f3 que se congelar\u00e1 en $78.000 la asignaci\u00f3n del programa y no habr\u00e1 m\u00e1s aumentos.<\/strong><\/em><!--more--><\/p>\n<p><img loading=\"lazy\" decoding=\"async\" class=\"size-medium wp-image-13172 alignright\" src=\"https:\/\/www.visionweb.com.ar\/wp-content\/uploads\/2024\/01\/POTENCIAR-TRABAJO-300x207.png\" alt=\"\" width=\"300\" height=\"207\" srcset=\"https:\/\/www.visionweb.com.ar\/wp-content\/uploads\/2024\/01\/POTENCIAR-TRABAJO-300x207.png 300w, https:\/\/www.visionweb.com.ar\/wp-content\/uploads\/2024\/01\/POTENCIAR-TRABAJO.png 700w\" sizes=\"auto, (max-width: 300px) 100vw, 300px\" \/>El Gobierno de Javier MIlei formaliz\u00f3 la suspensi\u00f3n del pago del \u00a0 Potenciar Trabajo a m\u00e1s de 4.500 personas por supuestas incompatibilidades.<\/p>\n<p><strong>A trav\u00e9s de la Resoluci\u00f3n 17\/20<\/strong>23, publicada este martes en el<strong> Bolet\u00edn Oficial, el Ministerio de Capital Humano dio a conocer los nombres de todas las personas en un listado de 418 p\u00e1ginas.<\/strong><\/p>\n<p><strong>La decisi\u00f3n\u00a0hab\u00eda sido anticipada d\u00edas atr\u00e1s por el Ministerio de Capital Humano<\/strong>, que encabeza Sandra Pettovello\u00a0luego de que avanzara una investigaci\u00f3n llevada a cabo por el fiscal Guillermo<br \/>\nMarijuan.<\/p>\n<p><strong>\u201cLuego del entrecruzamiento de la base de datos de los beneficiarios del plan Potenciar Trabajo y de la n\u00f3mina de los empleados p\u00fablicos de 14 provincias, 4.588 personas presentar\u00edan incompatibilidades para acceder a dicho plan\u201d<\/strong>, indica.<\/p>\n<p>Las 14 provincias investigadas hasta el momento son Mendoza, Misiones, Entre R\u00edos, Tucum\u00e1n, R\u00edo Negro, Jujuy, Buenos Aires, Santa Fe, C\u00f3rdoba, Corrientes, Formosa, Salta y Santa Cruz, se<br \/>\ninform\u00f3 en un comunicado.<\/p>\n<p><strong>Los titulares de Potenciar Trabajo cobran $78.000 y el Gobierno del presidente Javier Milei ya aclar\u00f3 que ese monto se congelar\u00e1, por lo que no habr\u00e1 aumentos en los pr\u00f3ximos meses<\/strong><\/p>\n<p><strong>Traspaso<\/strong><\/p>\n<p>Por otra parte, con la publicaci\u00f3n del Decreto 125\/2023 del 29 de diciembre \u00faltimo, el gobierno nacional dispuso el traspaso, a partir del 1\u00b0 de abril de 2024, a la totalidad de las y los titulares del Progama nacional de\u00a0 Inclusi\u00f3n socio-productiva y desarrollo local \u00ab\u201cPOTENCIAR TRABAJO\u201d creado por la Resoluci\u00f3n del ex-Ministerio de Desarrollo Social N\u00b0 121 del 18 de marzo de 2020 y sus modificatorias, al Programa de Inclusi\u00f3n Laboral, en el \u00e1mbito de la secretar\u00eda de Trabajo, Empleo y Seguridad Social del ministerio de Capital Humano\u201d, consign\u00f3 el Bolet\u00edn Oficial <strong>(VW)<\/strong><\/p>\n<p>&nbsp;<\/p>\n","protected":false},"excerpt":{"rendered":"<p>La decisi\u00f3n hab\u00eda sido anticipada d\u00edas atr\u00e1s por el Ministerio de Capital Humano. El Gobierno avis\u00f3 que se congelar\u00e1 en $78.000 la asignaci\u00f3n del programa y no habr\u00e1 m\u00e1s aumentos.<\/p>\n","protected":false},"author":3,"featured_media":13172,"comment_status":"closed","ping_status":"closed","sticky":false,"template":"","format":"standard","meta":{"_monsterinsights_skip_tracking":false,"_monsterinsights_sitenote_active":false,"_monsterinsights_sitenote_note":"","_monsterinsights_sitenote_category":0,"footnotes":""},"categories":[8],"tags":[770,27,5477],"class_list":["post-13171","post","type-post","status-publish","format-standard","has-post-thumbnail","hentry","category-interes-general","tag-baja","tag-desarrollo-social","tag-potenciar-trabajao"],"_links":{"self":[{"href":"https:\/\/www.visionweb.com.ar\/index.php?rest_route=\/wp\/v2\/posts\/13171","targetHints":{"allow":["GET"]}}],"collection":[{"href":"https:\/\/www.visionweb.com.ar\/index.php?rest_route=\/wp\/v2\/posts"}],"about":[{"href":"https:\/\/www.visionweb.com.ar\/index.php?rest_route=\/wp\/v2\/types\/post"}],"author":[{"embeddable":true,"href":"https:\/\/www.visionweb.com.ar\/index.php?rest_route=\/wp\/v2\/users\/3"}],"replies":[{"embeddable":true,"href":"https:\/\/www.visionweb.com.ar\/index.php?rest_route=%2Fwp%2Fv2%2Fcomments&post=13171"}],"version-history":[{"count":1,"href":"https:\/\/www.visionweb.com.ar\/index.php?rest_route=\/wp\/v2\/posts\/13171\/revisions"}],"predecessor-version":[{"id":13173,"href":"https:\/\/www.visionweb.com.ar\/index.php?rest_route=\/wp\/v2\/posts\/13171\/revisions\/13173"}],"wp:featuredmedia":[{"embeddable":true,"href":"https:\/\/www.visionweb.com.ar\/index.php?rest_route=\/wp\/v2\/media\/13172"}],"wp:attachment":[{"href":"https:\/\/www.visionweb.com.ar\/index.php?rest_route=%2Fwp%2Fv2%2Fmedia&parent=13171"}],"wp:term":[{"taxonomy":"category","embeddable":true,"href":"https:\/\/www.visionweb.com.ar\/index.php?rest_route=%2Fwp%2Fv2%2Fcategories&post=13171"},{"taxonomy":"post_tag","embeddable":true,"href":"https:\/\/www.visionweb.com.ar\/index.php?rest_route=%2Fwp%2Fv2%2Ftags&post=13171"}],"curies":[{"name":"wp","href":"https:\/\/api.w.org\/{rel}","templated":true}]}}