{"id":13165,"date":"2024-01-02T09:44:54","date_gmt":"2024-01-02T12:44:54","guid":{"rendered":"https:\/\/www.visionweb.com.ar\/?p=13165"},"modified":"2024-01-02T09:44:54","modified_gmt":"2024-01-02T12:44:54","slug":"el-gobierno-suspendio-los-creditos-anses-para-jubilados-y-trabajadores-lanzados-por-massa","status":"publish","type":"post","link":"https:\/\/www.visionweb.com.ar\/?p=13165","title":{"rendered":"El Gobierno suspendi\u00f3 los cr\u00e9ditos Anses para jubilados y trabajadores lanzados por Massa"},"content":{"rendered":"<p class=\"td-post-sub-title\"><em><strong>La decisi\u00f3n fue publicada en el Bolet\u00edn Oficial y se justifica en la \u201cemergencia p\u00fablica\u201d. El programa otorgaba bajas tasas y muchas cuotas.<\/strong><\/em><!--more--><\/p>\n<p><img loading=\"lazy\" decoding=\"async\" class=\"size-full wp-image-1194 alignright\" src=\"https:\/\/www.visionweb.com.ar\/wp-content\/uploads\/2021\/03\/Anses.bmp\" alt=\"\" width=\"495\" height=\"214\" \/>Amparados en la emergencia p\u00fablica que diagnostican en el pa\u00eds, como as\u00ed tambi\u00e9n en la dificultad de determinar la tasa de inflaci\u00f3n para los pr\u00f3ximos meses, el Gobierno decidi\u00f3 suspender el programa de Cr\u00e9ditos Anses.<\/p>\n<p><strong>A trav\u00e9s de la resoluci\u00f3n 1\/2023 publicada este martes en el Bolet\u00edn Oficial, la administraci\u00f3n de Javier Milei dispuso la \u201csuspensi\u00f3n transitoria\u201d de los cr\u00e9ditos para jubilados, pensionados, trabajadores en relaci\u00f3n de dependencia y beneficiarios de distintas prestaciones de la seguridad social<\/strong> bajo el argumento de \u201ccontribuir a la preservaci\u00f3n del valor y rentabilidad\u201d del Fondo de Garant\u00eda de Sustentabilidad (FGS).<\/p>\n<p>Esta propuesta de financiamiento que combinaba baja tasa y muchas cuotas, hab\u00eda sido ampliada durante la campa\u00f1a presidencial por el entonces candidato y ministro de Econom\u00eda, Sergio Massa, en conjunto con la extitular de la Anses Fernanda Raverta.<\/p>\n<p>La medida suspende de forma \u201ctransitoria\u201d el plan. As\u00ed qued\u00f3 plasmado este martes en el Bolet\u00edn Oficial a trav\u00e9s de la Resoluci\u00f3n 1\/2023, que lleva la firma del nuevo titular del Fondo de Garant\u00eda de Sustentabilidad (FGD), Heber Farf\u00e1n. \u201cSusp\u00e9ndase transitoriamente el otorgamiento de cr\u00e9ditos, en el marco del Programa Cr\u00e9ditos Anses\u201d, se\u00f1ala el art\u00edculo 1 de la publicaci\u00f3n que confirma que la medida entra en vigencia hoy.<\/p>\n<p>\u201cLa actual inversi\u00f3n en el Programa de Cr\u00e9ditos Anses debe ser reanalizada considerando el contexto econ\u00f3mico del pa\u00eds que torna dificultoso ponderar el \u00edndice inflacionario de los pr\u00f3ximos meses, as\u00ed como la tasa de inter\u00e9s a aplicar dentro del mercado de pr\u00e9stamos personales\u201d, especifica la resoluci\u00f3n.<\/p>\n<p>En la misma l\u00ednea, Anses justific\u00f3 la par\u00e1lisis de otorgamiento de los montos \u201ccomo una medida preventiva en resguardo de la rentabilidad del fondo, y con el fin de privilegiar la liquidez del mismo\u201d.<\/p>\n<p><strong>El programa<\/strong><\/p>\n<p>A trav\u00e9s de este programa, los trabajadores en relaci\u00f3n de dependencia con salarios de hasta $1.980.000\u00a0pod\u00edan pedir su pr\u00e9stamo de hasta 1 mill\u00f3n de pesos con una Tasa Nominal Anual (TNA) de 50%, en 24, 36 o 48 cuotas.<\/p>\n<p>En tanto, los jubilados y pensionados del Sistema Integrado Previsional Argentino (SIPA) estaban habilitados a acceder a pr\u00e9stamos de hasta 600 mil pesos; y los titulares de Pensiones No Contributivas (PNC) y PUAM, a financiamiento de hasta 250 mil pesos, todos con una TNA de 29%, tambi\u00e9n en 24, 36 o 48 cuotas.\u00a0Las tasas de inter\u00e9s de los cr\u00e9ditos se encontraban muy por debajo de las tasas de mercado.<\/p>\n<p>Esto \u00faltimo lo hab\u00edan anunciado Massa y Raverta el 1\u00b0 de noviembre, a d\u00edas del balotaje del 19 de noviembre, para dar una inyecci\u00f3n de recursos a los sectores afectados por la inflaci\u00f3n<strong>(VW)<\/strong>.<\/p>\n<div class=\"td-module-meta-info\"><\/div>\n","protected":false},"excerpt":{"rendered":"<p>La decisi\u00f3n fue publicada en el Bolet\u00edn Oficial y se justifica en la \u201cemergencia p\u00fablica\u201d. El programa otorgaba bajas tasas y muchas cuotas.<\/p>\n","protected":false},"author":3,"featured_media":1194,"comment_status":"closed","ping_status":"closed","sticky":false,"template":"","format":"standard","meta":{"_monsterinsights_skip_tracking":false,"_monsterinsights_sitenote_active":false,"_monsterinsights_sitenote_note":"","_monsterinsights_sitenote_category":0,"footnotes":""},"categories":[1],"tags":[300,397,5474,66],"class_list":["post-13165","post","type-post","status-publish","format-standard","has-post-thumbnail","hentry","category-uncategorized","tag-anses","tag-emergencia","tag-prestamos","tag-suspension"],"_links":{"self":[{"href":"https:\/\/www.visionweb.com.ar\/index.php?rest_route=\/wp\/v2\/posts\/13165","targetHints":{"allow":["GET"]}}],"collection":[{"href":"https:\/\/www.visionweb.com.ar\/index.php?rest_route=\/wp\/v2\/posts"}],"about":[{"href":"https:\/\/www.visionweb.com.ar\/index.php?rest_route=\/wp\/v2\/types\/post"}],"author":[{"embeddable":true,"href":"https:\/\/www.visionweb.com.ar\/index.php?rest_route=\/wp\/v2\/users\/3"}],"replies":[{"embeddable":true,"href":"https:\/\/www.visionweb.com.ar\/index.php?rest_route=%2Fwp%2Fv2%2Fcomments&post=13165"}],"version-history":[{"count":1,"href":"https:\/\/www.visionweb.com.ar\/index.php?rest_route=\/wp\/v2\/posts\/13165\/revisions"}],"predecessor-version":[{"id":13166,"href":"https:\/\/www.visionweb.com.ar\/index.php?rest_route=\/wp\/v2\/posts\/13165\/revisions\/13166"}],"wp:featuredmedia":[{"embeddable":true,"href":"https:\/\/www.visionweb.com.ar\/index.php?rest_route=\/wp\/v2\/media\/1194"}],"wp:attachment":[{"href":"https:\/\/www.visionweb.com.ar\/index.php?rest_route=%2Fwp%2Fv2%2Fmedia&parent=13165"}],"wp:term":[{"taxonomy":"category","embeddable":true,"href":"https:\/\/www.visionweb.com.ar\/index.php?rest_route=%2Fwp%2Fv2%2Fcategories&post=13165"},{"taxonomy":"post_tag","embeddable":true,"href":"https:\/\/www.visionweb.com.ar\/index.php?rest_route=%2Fwp%2Fv2%2Ftags&post=13165"}],"curies":[{"name":"wp","href":"https:\/\/api.w.org\/{rel}","templated":true}]}}