{"id":13146,"date":"2023-12-29T09:34:57","date_gmt":"2023-12-29T12:34:57","guid":{"rendered":"https:\/\/www.visionweb.com.ar\/?p=13146"},"modified":"2023-12-29T09:34:57","modified_gmt":"2023-12-29T12:34:57","slug":"comercio-cavalieri-respaldo-el-nuevo-sistema-que-impulsa-milei","status":"publish","type":"post","link":"https:\/\/www.visionweb.com.ar\/?p=13146","title":{"rendered":"Comercio: Cavalieri respald\u00f3 el nuevo sistema que impulsa Milei"},"content":{"rendered":"<p><em><strong>Aval\u00f3 el nuevo \u00abfondo de cese laboral\u00bb para incluir en el convenio colectivo, en enero pr\u00f3ximo.<\/strong><\/em><!--more--><\/p>\n<p><strong>\u00a0 <img loading=\"lazy\" decoding=\"async\" class=\"size-medium wp-image-13147 alignright\" src=\"https:\/\/www.visionweb.com.ar\/wp-content\/uploads\/2023\/12\/cavalieri-comercio-300x188.png\" alt=\"\" width=\"300\" height=\"188\" srcset=\"https:\/\/www.visionweb.com.ar\/wp-content\/uploads\/2023\/12\/cavalieri-comercio-300x188.png 300w, https:\/\/www.visionweb.com.ar\/wp-content\/uploads\/2023\/12\/cavalieri-comercio.png 502w\" sizes=\"auto, (max-width: 300px) 100vw, 300px\" \/>\u00a0\u00a0\u00a0 E<\/strong>l secretario general de la Federaci\u00f3n Argentina de Empleados de Comercio y Servicios (Faecys),\u00a0<strong>Armando Cavalieri, respald\u00f3 \u00abun esquema que garantice el 100% de la indemnizaci\u00f3n de los trabajadores\u00bb.<\/strong><\/p>\n<p>El gremialista aclar\u00f3 que la organizaci\u00f3n sindical\u00a0<strong>\u00abno quiere que ocurran m\u00e1s Garbarinos\u00bb, en alusi\u00f3n a la empresa de electrodom\u00e9sticos que cerr\u00f3<\/strong>, al respaldar el nuevo sistema oficial.<\/p>\n<p>El mi\u00e9rcoles de esta semana, el Ministerio de Capital Humano, a cargo de Sandra Pettovello, hab\u00eda informado, que Cavalieri \u00abadhiri\u00f3\u00bb al nuevo sistema de indemnizaciones, luego de un encuentro con el sindicalista, y\u00a0<strong>ratific\u00f3 que la iniciativa ser\u00e1 adoptada por ese gremio.<\/strong><\/p>\n<p>As\u00ed, el gremio\u00a0<strong>aplicar\u00e1 el llamado Fondo de Cese, el modelo que reemplaza a las indemnizaciones, y es impulsado por el gobierno nacional.<\/strong><\/p>\n<p>La Federaci\u00f3n de Argentina de Empleados de Comercio y Servicios\u00a0<strong>es la entidad de su tipo con m\u00e1s afiliados de la Argentina<\/strong>\u00a0y el\u00a0<strong>Fondo de Cese se incluir\u00e1 durante la primera quincena de enero<\/strong>, en la apertura de paritarias del sector.<\/p>\n<p>A trav\u00e9s del decreto profundamente resistido por la CGT, el Gobierno dispuso un mecanismo de indemnizaci\u00f3n \u00abalternativo\u00bb inspirado en el sistema que rige para los trabajadores de la construcci\u00f3n. Ya en la campa\u00f1a electoral Milei se hab\u00eda reunido en privado con Gerardo Mart\u00ednez, el titular de la UOCRA, para consultarlo expresamente sobre el funcionamiento del fondo de cese en su actividad.<\/p>\n<p>Este sistema reemplaza las indemnizaciones \u201cpor un\u00a0<strong>fondo o sistema de cese laboral cuyo costo estar\u00e1 siempre a cargo del empleador<\/strong>, con un aporte mensual que no podr\u00e1 ser superior al ocho por ciento (8%) de la remuneraci\u00f3n computable\u201d, que deber\u00e1 ser habilitado por convenio.<\/p>\n<p>Adem\u00e1s, \u201clos empleadores\u00a0<strong>podr\u00e1n optar por contratar un sistema privado de capitalizaci\u00f3n a su costo, a fin de solventar la indemnizaci\u00f3n prevista en el presente art\u00edculo\u00a0<\/strong>y\/o la suma que libremente se pacte entre las partes para el supuesto de desvinculaci\u00f3n por mutuo acuerdo conforme art\u00edculo 241 de la presente ley\u201d, seg\u00fan establece la letra del DNU 70.<\/p>\n<p>En ese sentido, Cavalieri admiti\u00f3 que esto procura prevenir numerosos juicios y situaciones como \u00abla <strong>lamentable experiencia de los trabajadores de Garbarino, quienes no pudieron cobrar de forma completa sus indemnizaciones<\/strong>\u00ab.<\/p>\n<p>\u00abLa prioridad es garantizar la estabilidad y los derechos de los trabajadores. El gremio no apoya ni apoyar\u00e1 pol\u00edticas de flexibilizaci\u00f3n laboral o contrarias a sus derechos. La Faecys celebra este nuevo paso hacia un di\u00e1logo constructivo y continuar\u00e1 trabajando por los derechos laborales de todos los empleados mercantiles\u00bb, concluyeron desde el gremio. <strong>(VW)<\/strong><\/p>\n","protected":false},"excerpt":{"rendered":"<p>Aval\u00f3 el nuevo \u00abfondo de cese laboral\u00bb para incluir en el convenio colectivo, en enero pr\u00f3ximo.<\/p>\n","protected":false},"author":4,"featured_media":13147,"comment_status":"closed","ping_status":"closed","sticky":false,"template":"","format":"standard","meta":{"_monsterinsights_skip_tracking":false,"_monsterinsights_sitenote_active":false,"_monsterinsights_sitenote_note":"","_monsterinsights_sitenote_category":0,"footnotes":""},"categories":[4],"tags":[5467,172,4882,2680],"class_list":["post-13146","post","type-post","status-publish","format-standard","has-post-thumbnail","hentry","category-politica","tag-cavalieri","tag-comercio","tag-faecys","tag-indemnizaciones"],"_links":{"self":[{"href":"https:\/\/www.visionweb.com.ar\/index.php?rest_route=\/wp\/v2\/posts\/13146","targetHints":{"allow":["GET"]}}],"collection":[{"href":"https:\/\/www.visionweb.com.ar\/index.php?rest_route=\/wp\/v2\/posts"}],"about":[{"href":"https:\/\/www.visionweb.com.ar\/index.php?rest_route=\/wp\/v2\/types\/post"}],"author":[{"embeddable":true,"href":"https:\/\/www.visionweb.com.ar\/index.php?rest_route=\/wp\/v2\/users\/4"}],"replies":[{"embeddable":true,"href":"https:\/\/www.visionweb.com.ar\/index.php?rest_route=%2Fwp%2Fv2%2Fcomments&post=13146"}],"version-history":[{"count":1,"href":"https:\/\/www.visionweb.com.ar\/index.php?rest_route=\/wp\/v2\/posts\/13146\/revisions"}],"predecessor-version":[{"id":13148,"href":"https:\/\/www.visionweb.com.ar\/index.php?rest_route=\/wp\/v2\/posts\/13146\/revisions\/13148"}],"wp:featuredmedia":[{"embeddable":true,"href":"https:\/\/www.visionweb.com.ar\/index.php?rest_route=\/wp\/v2\/media\/13147"}],"wp:attachment":[{"href":"https:\/\/www.visionweb.com.ar\/index.php?rest_route=%2Fwp%2Fv2%2Fmedia&parent=13146"}],"wp:term":[{"taxonomy":"category","embeddable":true,"href":"https:\/\/www.visionweb.com.ar\/index.php?rest_route=%2Fwp%2Fv2%2Fcategories&post=13146"},{"taxonomy":"post_tag","embeddable":true,"href":"https:\/\/www.visionweb.com.ar\/index.php?rest_route=%2Fwp%2Fv2%2Ftags&post=13146"}],"curies":[{"name":"wp","href":"https:\/\/api.w.org\/{rel}","templated":true}]}}