{"id":13141,"date":"2023-12-28T20:59:33","date_gmt":"2023-12-28T23:59:33","guid":{"rendered":"https:\/\/www.visionweb.com.ar\/?p=13141"},"modified":"2023-12-28T20:59:33","modified_gmt":"2023-12-28T23:59:33","slug":"colectivos-amba-el-gobierno-aumentara-el-boleto-minimo-a-77","status":"publish","type":"post","link":"https:\/\/www.visionweb.com.ar\/?p=13141","title":{"rendered":"Colectivos AMBA: El Gobierno aumentar\u00e1 el boleto m\u00ednimo a $77"},"content":{"rendered":"<p id=\"reunion-con-las-empresas-de-colectivos:-el-gobierno-aumentara-el-boleto-minimo-a-dollar7692-y-se-esperan-mas-subas-en-los-proximos-meses\" class=\"article-headline left \"><strong><em>Se esperan m\u00e1s subas en los pr\u00f3ximos meses. El aumento regir\u00e1 para la zona AMBA y se convocar\u00e1\u00a0 a audiencia p\u00fablica para adecuar las tarifas a\u00a0 los costos operativos.<\/em><\/strong><!--more--><\/p>\n<p><img loading=\"lazy\" decoding=\"async\" class=\"size-medium wp-image-10005 alignright\" src=\"https:\/\/www.visionweb.com.ar\/wp-content\/uploads\/2023\/03\/COLECTIVOS-300x225.png\" alt=\"\" width=\"300\" height=\"225\" srcset=\"https:\/\/www.visionweb.com.ar\/wp-content\/uploads\/2023\/03\/COLECTIVOS-300x225.png 300w, https:\/\/www.visionweb.com.ar\/wp-content\/uploads\/2023\/03\/COLECTIVOS-320x240.png 320w, https:\/\/www.visionweb.com.ar\/wp-content\/uploads\/2023\/03\/COLECTIVOS.png 640w\" sizes=\"auto, (max-width: 300px) 100vw, 300px\" \/>El Gobierno y las c\u00e1maras de transporte colectivo, llegaron a un acuerdo este jueves para ajustar las tarifas de los boletos que quedar\u00e1n en $77 para la primera secci\u00f3n<\/p>\n<p>Asimismo, acordaron aumentos en forma paulatina\u00a0 hasta equilibrar los costos operativos de las unidades.<\/p>\n<p>Tras la reuni\u00f3n que se realiz\u00f3 entre el Ministro de Infraestructura, Guillermo Ferraro, y los directores de varias\u00a0 c\u00e1maras que representan a los due\u00f1os de los colectivos del \u00e1rea metropolitana<strong>\u00a0se decidi\u00f3 que en el corto plazo, la tarifa de transporte urbano aumente a 77 pesos.<\/strong><\/p>\n<p>Adem\u00e1s, se mantendr\u00e1 el actual sistema de subsidios que, seguramente, tambi\u00e9n ser\u00e1 incrementado hasta que empiece a regir el nuevo cuadro tarifario.<\/p>\n<p>La regi\u00f3n abarca a la Ciudad y al conurbano bonaerense: \u201cNos comprometimos con el ministerio a no dar detalles. Lo que podemos decir es que se va a ir normalizando la prestaci\u00f3n del servicio. El Ministerio va a emitir un comunicado\u201d.<\/p>\n<p>Ese sistema de incrementos tarifarios, que hab\u00eda pasado por el proceso de audiencias p\u00fablicas, qued\u00f3 aprobado hasta diciembre. Y m\u00e1s all\u00e1 de haber sido aplazado se podr\u00eda otorgar de inmediato. Si se utiliza este par\u00e1metro, la tarifa subir\u00eda entre 50 y 60% en los pr\u00f3ximos d\u00edas.<\/p>\n<p>El aumento que ya ven\u00eda atrasado, se podr\u00eda aplicar en diciembre , y, una vez que en enero se publique el indicador de inflaci\u00f3n que realiza el Indec, consign\u00f3 el portal digital La Naci\u00f3n.<\/p>\n<p>Si las estimaciones privadas se confirman, el primero de febrero volver\u00eda a subir tanto como suban los precios en este mes; entre 20 y 30%.<\/p>\n<p>Este incremento se producir\u00eda si se dar\u00eda, si en el Gobierno mantienen el sistema de aumento tarifario previsto por ley.<\/p>\n<p><strong>En apariencia, la idea es llevar el valor del tiket para subir al colectivo a los que tienen C\u00f3rdoba y Rosario donde el pasaje urbano se paga entre 185 y 240 pesos.<\/strong><\/p>\n<p>En la reuni\u00f3n, adem\u00e1s de Ferraro, estuvieron los funcionarios postgulados, pero no designados Juan Ordo\u00f1ez (Jefe de Gabinete de la cartera) y el secretario de Transporte, Juan Moguetta.<\/p>\n<p><strong>En el encuentro no fue ajeno a la conversaci\u00f3n el tema de los subsidios. Se se pagan con un cronograma que establece el abono del 50% en la primer semana del mes; el 30% restante, la tercera, y el saldo (20%) a mediados del mes siguiente. <\/strong><\/p>\n<p>Por estas horas se deb\u00eda depositar ese tercio del total que se deveng\u00f3 a principio de este mes.<strong>\u00a0Los funcionarios confirmaron que las planillas ya se remitieron al banco\u00a0<\/strong>y que ma\u00f1ana se depositar\u00e1 ese importe. La que viene, llegar\u00e1 el 50% de enero y con eso, los sueldos de este mes est\u00e1n asegurados.<\/p>\n<p>Como contrapartida, los transportistas se comprometieron a mantener un esquema de frecuencias de emergencias, pero regresar a la mayor cantidad de colectivos en la calle.<strong>(VW)<\/strong><\/p>\n<p>&nbsp;<\/p>\n<p>&nbsp;<\/p>\n","protected":false},"excerpt":{"rendered":"<p>Se esperan m\u00e1s subas en los pr\u00f3ximos meses. El aumento regir\u00e1 para la zona AMBA y se convocar\u00e1\u00a0 a audiencia p\u00fablica para adecuar las tarifas a\u00a0 los costos operativos.<\/p>\n","protected":false},"author":3,"featured_media":10005,"comment_status":"closed","ping_status":"closed","sticky":false,"template":"","format":"standard","meta":{"_monsterinsights_skip_tracking":false,"_monsterinsights_sitenote_active":false,"_monsterinsights_sitenote_note":"","_monsterinsights_sitenote_category":0,"footnotes":""},"categories":[8],"tags":[5464,1819,705,621,871],"class_list":["post-13141","post","type-post","status-publish","format-standard","has-post-thumbnail","hentry","category-interes-general","tag-aumnetos","tag-boletos","tag-colectivos","tag-reunion","tag-subsidios"],"_links":{"self":[{"href":"https:\/\/www.visionweb.com.ar\/index.php?rest_route=\/wp\/v2\/posts\/13141","targetHints":{"allow":["GET"]}}],"collection":[{"href":"https:\/\/www.visionweb.com.ar\/index.php?rest_route=\/wp\/v2\/posts"}],"about":[{"href":"https:\/\/www.visionweb.com.ar\/index.php?rest_route=\/wp\/v2\/types\/post"}],"author":[{"embeddable":true,"href":"https:\/\/www.visionweb.com.ar\/index.php?rest_route=\/wp\/v2\/users\/3"}],"replies":[{"embeddable":true,"href":"https:\/\/www.visionweb.com.ar\/index.php?rest_route=%2Fwp%2Fv2%2Fcomments&post=13141"}],"version-history":[{"count":1,"href":"https:\/\/www.visionweb.com.ar\/index.php?rest_route=\/wp\/v2\/posts\/13141\/revisions"}],"predecessor-version":[{"id":13142,"href":"https:\/\/www.visionweb.com.ar\/index.php?rest_route=\/wp\/v2\/posts\/13141\/revisions\/13142"}],"wp:featuredmedia":[{"embeddable":true,"href":"https:\/\/www.visionweb.com.ar\/index.php?rest_route=\/wp\/v2\/media\/10005"}],"wp:attachment":[{"href":"https:\/\/www.visionweb.com.ar\/index.php?rest_route=%2Fwp%2Fv2%2Fmedia&parent=13141"}],"wp:term":[{"taxonomy":"category","embeddable":true,"href":"https:\/\/www.visionweb.com.ar\/index.php?rest_route=%2Fwp%2Fv2%2Fcategories&post=13141"},{"taxonomy":"post_tag","embeddable":true,"href":"https:\/\/www.visionweb.com.ar\/index.php?rest_route=%2Fwp%2Fv2%2Ftags&post=13141"}],"curies":[{"name":"wp","href":"https:\/\/api.w.org\/{rel}","templated":true}]}}