{"id":13139,"date":"2023-12-29T08:00:18","date_gmt":"2023-12-29T11:00:18","guid":{"rendered":"https:\/\/www.visionweb.com.ar\/?p=13139"},"modified":"2023-12-28T15:37:07","modified_gmt":"2023-12-28T18:37:07","slug":"came-pidio-a-economia-mantener-un-programa-de-compras-en-cuotas-con-tasas-preferenciales","status":"publish","type":"post","link":"https:\/\/www.visionweb.com.ar\/?p=13139","title":{"rendered":"CAME pidi\u00f3 a Econom\u00eda mantener un programa de compras en cuotas con tasas preferenciales"},"content":{"rendered":"<p><strong><em>Ser\u00eda asimilar al \u00abAhora 12\u00bb con tasas\u00a0 de inter\u00e9s preferencial. El Gobierno nacional y el Banco Central ya trabajan un programa financiero que empalmar\u00e1 con el actual Ahora 12.<\/em><\/strong><!--more--><\/p>\n<p><strong><img loading=\"lazy\" decoding=\"async\" class=\"size-medium wp-image-12902 alignleft\" src=\"https:\/\/www.visionweb.com.ar\/wp-content\/uploads\/2023\/12\/ECONOMIA-MINISTERIO-300x151.png\" alt=\"\" width=\"300\" height=\"151\" srcset=\"https:\/\/www.visionweb.com.ar\/wp-content\/uploads\/2023\/12\/ECONOMIA-MINISTERIO-300x151.png 300w, https:\/\/www.visionweb.com.ar\/wp-content\/uploads\/2023\/12\/ECONOMIA-MINISTERIO.png 640w\" sizes=\"auto, (max-width: 300px) 100vw, 300px\" \/>L<\/strong>a CAME (C\u00e1mara Argentina de la Mediana Empresa) pidi\u00f3 al gobierno nacional mantener la continuidad de un programa similar al vigente \u201cAhora 12\u201d para compras en 3 y 6 cuotas financiadas.<\/p>\n<p>El pedido se hizo este jueves en una reuni\u00f3n entre el presidente de la CAME y el secretario general de la entidad, Ricardo Diab, que se realiz\u00f3 con \u00a0el secretario de Comercio de la Naci\u00f3n, Pablo Lavigne y el titular de la Econom\u00eda del Conocimiento, Emprendedores y Pyme de la Naci\u00f3n, Marcos Ayerra.<\/p>\n<p>\u201cPara las pymes comerciales es clave un instrumento con cuotas a tasa preferencial\u201d, dijo el presidente de CAME, Alfredo Gonz\u00e1lez.<\/p>\n<p>A su vez, desde CAME se plante\u00f3 la necesidad de tener alternativas de financiamiento especial que sean de f\u00e1cil acceso para el sector pyme.<\/p>\n<p>Por otra parte, Lavigne destac\u00f3 que aquellas pymes importadoras que tengan deudas con proveedores del exterior tienen que inscribirse en el \u00abPadr\u00f3n de Deuda Comercial por Importaciones con Proveedores del Exterior\u00bb contemplado en el nuevo Sistema Estad\u00edstico de Importaciones (SEDI).<\/p>\n<p>De esta manera agilizar\u00e1n los pagos de los compromisos vencidos a trav\u00e9s de los Bonos para la Reconstrucci\u00f3n de una Argentina Libre (BOPREAL).<\/p>\n<p>Por \u00faltimo, Gonz\u00e1lez y Diab informaron la participaci\u00f3n de la entidad pyme en la Expo Apras 2024, la 41\u00aa Feria y Convenci\u00f3n Paranaense de Supermercados del estado de Paran\u00e1, Brasil, que se desarrollar\u00e1 entre el 16 y el 18 de abril en la ciudad de Curitiba. La Secretar\u00eda de Comercio asumi\u00f3 el compromiso de ser parte de la inauguraci\u00f3n. En el evento se promocionar\u00e1n los productos de las pymes argentinas en el mercado brasile\u00f1o y CAME instalar\u00e1 un showroom permanente para fomentar la internacionalizaci\u00f3n pyme.<\/p>\n<p>La producci\u00f3n de la industria manufacturera pyme baj\u00f3 6,4% en septiembre frente al mismo per\u00edodo del a\u00f1o pasado. Es el cuarto mes consecutivo en que la actividad se retrae. En total, acumula una ca\u00edda de 0,8% en los primeros nueve meses del a\u00f1o. En la comparaci\u00f3n mensual, la producci\u00f3n se mantuvo sin cambios<strong>(VW)<\/strong><\/p>\n","protected":false},"excerpt":{"rendered":"<p>Ser\u00eda asimilar al \u00abAhora 12\u00bb con tasas\u00a0 de inter\u00e9s preferencial. El Gobierno nacional y el Banco Central ya trabajan un programa financiero que empalmar\u00e1 con el actual Ahora 12.<\/p>\n","protected":false},"author":3,"featured_media":12902,"comment_status":"closed","ping_status":"closed","sticky":false,"template":"","format":"standard","meta":{"_monsterinsights_skip_tracking":false,"_monsterinsights_sitenote_active":false,"_monsterinsights_sitenote_note":"","_monsterinsights_sitenote_category":0,"footnotes":""},"categories":[749],"tags":[5462,1674,271,5463],"class_list":["post-13139","post","type-post","status-publish","format-standard","has-post-thumbnail","hentry","category-pymes","tag-compars","tag-finaciamiento","tag-programa","tag-tasas-prereneciale"],"_links":{"self":[{"href":"https:\/\/www.visionweb.com.ar\/index.php?rest_route=\/wp\/v2\/posts\/13139","targetHints":{"allow":["GET"]}}],"collection":[{"href":"https:\/\/www.visionweb.com.ar\/index.php?rest_route=\/wp\/v2\/posts"}],"about":[{"href":"https:\/\/www.visionweb.com.ar\/index.php?rest_route=\/wp\/v2\/types\/post"}],"author":[{"embeddable":true,"href":"https:\/\/www.visionweb.com.ar\/index.php?rest_route=\/wp\/v2\/users\/3"}],"replies":[{"embeddable":true,"href":"https:\/\/www.visionweb.com.ar\/index.php?rest_route=%2Fwp%2Fv2%2Fcomments&post=13139"}],"version-history":[{"count":1,"href":"https:\/\/www.visionweb.com.ar\/index.php?rest_route=\/wp\/v2\/posts\/13139\/revisions"}],"predecessor-version":[{"id":13140,"href":"https:\/\/www.visionweb.com.ar\/index.php?rest_route=\/wp\/v2\/posts\/13139\/revisions\/13140"}],"wp:featuredmedia":[{"embeddable":true,"href":"https:\/\/www.visionweb.com.ar\/index.php?rest_route=\/wp\/v2\/media\/12902"}],"wp:attachment":[{"href":"https:\/\/www.visionweb.com.ar\/index.php?rest_route=%2Fwp%2Fv2%2Fmedia&parent=13139"}],"wp:term":[{"taxonomy":"category","embeddable":true,"href":"https:\/\/www.visionweb.com.ar\/index.php?rest_route=%2Fwp%2Fv2%2Fcategories&post=13139"},{"taxonomy":"post_tag","embeddable":true,"href":"https:\/\/www.visionweb.com.ar\/index.php?rest_route=%2Fwp%2Fv2%2Ftags&post=13139"}],"curies":[{"name":"wp","href":"https:\/\/api.w.org\/{rel}","templated":true}]}}