{"id":13129,"date":"2023-12-28T08:26:59","date_gmt":"2023-12-28T11:26:59","guid":{"rendered":"https:\/\/www.visionweb.com.ar\/?p=13129"},"modified":"2023-12-28T08:26:59","modified_gmt":"2023-12-28T11:26:59","slug":"milei-envio-al-congreso-un-mega-proyecto-de-ley-para-avanzar-con-privatizaciones-y-reformas","status":"publish","type":"post","link":"https:\/\/www.visionweb.com.ar\/?p=13129","title":{"rendered":"Milei envi\u00f3 al Congreso un mega proyecto de ley para avanzar con privatizaciones y reformas"},"content":{"rendered":"<p><em><strong>La iniciativa contiene modificaciones \u201cen materia tributaria, laboral, penal, energ\u00e9tica electoral y previsional. La iniciativa impulsa la privatizac\u00f3n de 41 empresas del estado, incluido el Banco Naci\u00f3n.<\/strong><\/em><!--more--><\/p>\n<p><strong><img loading=\"lazy\" decoding=\"async\" class=\"size-medium wp-image-7911 alignleft\" src=\"https:\/\/www.visionweb.com.ar\/wp-content\/uploads\/2022\/10\/DIPUTADOS-PRESUPUESTO-300x200.png\" alt=\"\" width=\"300\" height=\"200\" srcset=\"https:\/\/www.visionweb.com.ar\/wp-content\/uploads\/2022\/10\/DIPUTADOS-PRESUPUESTO-300x200.png 300w, https:\/\/www.visionweb.com.ar\/wp-content\/uploads\/2022\/10\/DIPUTADOS-PRESUPUESTO.png 640w\" sizes=\"auto, (max-width: 300px) 100vw, 300px\" \/>E<\/strong>l presidente Javier Milei envi\u00f3 al Congreso el proyecto de Ley de Bases y Puntos de Partida para La Libertad de los Argentinos, una in\u00a0iciativa que incluye reformas \u201cen materia tributaria, laboral, penal, energ\u00e9tica y electoral\u201d.<\/p>\n<p>El env\u00edo del proyecto fue informado desde cuenta oficial de la Oficina del Presidente en la red social X. \u201cEl Presidente Javier Milei envi\u00f3 al Congreso de la Naci\u00f3n la Ley de Bases y Puntos de Partida para La Libertad de los Argentinos\u201d, informaron.<\/p>\n<p>En tanto, cada bloque de diputados de la naci\u00f3n, de la oposici\u00f3n busca encontrar una salida mientras se multiplican las consultas, corrillos, amenazas y seducciones.<\/p>\n<p>esde la Oficina del Presidente se\u00f1alaron que buscan promover \u201cestas reformas en nombre de la Revoluci\u00f3n de Mayo de 1810 y en defensa de la vida, la libertad y la propiedad de los argentinos\u201d.<\/p>\n<p>El portavoz presidencial Manuel Adorni adelant\u00f3 esta ma\u00f1ana que en su habitual conferencia de prensa en la Casa Rosada que el texto \u201cincluye reformas profundas, necesarias y urgentes en materia tributaria, laboral, penal, energ\u00e9tica y electoral\u201d.<\/p>\n<p>El funcionario indic\u00f3 que los proyectos \u201cquedar\u00e1n en manos de senadores y diputados\u201d, quienes podr\u00e1 elegir si se va \u201chacia la libertad\u201d y \u201ca terminar con esta decadencia\u201d.<\/p>\n<p>El proyecto de ley se suma a otras fuertes decisiones tomadas por el gobierno de Milei a menos de un mes de su asunci\u00f3n: el fuerte ajuste anunciado por el ministro de Econom\u00eda, Luis Caputo, y el pol\u00e9mico decreto de necesidad y urgencia.<\/p>\n<p><strong>En los bloques<\/strong><\/p>\n<p>El mayor bloque de la oposici\u00f3n es el de\u00a0<strong>Uni\u00f3n por la Patria, unido m\u00e1s por espanto que por el amor y lleno de facturas por cobrar<\/strong>, all\u00ed un c\u00f3nclave urgente reuni\u00f3 a gobernadores, senadores y diputados nacionales de todas las tribus.<\/p>\n<p><strong>Axel Kicillof aparece como una de las caras de la polarizaci\u00f3n y aglutin\u00f3 a los gobernadores\u00a0<\/strong>Ricardo Quintela, Sergio Ziliotto y Gildo Insfr\u00e1n, a otros caciques provinciales del PJ que se conectaron v\u00eda zoom junto a los jefes parlamentarios el senador Jos\u00e9 Mayans y el diputado Germ\u00e1n Mart\u00ednez escoltados por Juliana Di Tullio, Anabel Fern\u00e1ndez Sagasti y Cecilia Moreau, entre otros.<\/p>\n<p>\u201cExpresamos nuestro rechazo al mega DNU 70\/2023 porque claramente avasalla atribuciones del Congreso y vulnera la divisi\u00f3n de poderes y el funcionamiento de la Rep\u00fablica. Asimismo, consideramos que la denominada ley \u201c\u00d3mnibus\u201d recientemente ingresada en la C\u00e1mara de Diputados\u00a0<strong>ratifica la pretensi\u00f3n del Presidente de contar con poderes y facultades extraordinarias, que son absolutamente inconstitucionales\u201d<\/strong>, sostuvo Uni\u00f3n por la Patria en un comunicado.<\/p>\n<p>El PRO, en cambio, se mostr\u00f3 dispuesto a colaborar con el oficialismo: \u201cA diferencia del DNU que es algo que viene cerrado,<strong>\u00a0en este caso podemos hacer mejoras, proponer cambios o modificaciones,<\/strong>\u00a0as\u00ed que en lo que creamos que sea mejor para los argentinos, lo vamos a hacer\u201d, explic\u00f3 un vocero del bloque amarillo.<\/p>\n<p>\u201cDesde el comienzo dijimos que<strong>\u00a0nuestra intenci\u00f3n es tener un acompa\u00f1amiento responsable a lo que proponga el Presidente Milei y su gobierno<\/strong>, para que tengan las herramientas que necesitan en esta primera etapa para poner en marcha su plan de gobierno. Con esa misma idea vamos a analizar el proyecto de ley, y actuaremos en consecuencia para sostener la gobernabilidad que necesita en el Parlamento\u201d, abund\u00f3.<\/p>\n<p>En cambio sus antiguos socios de la\u00a0<strong>UCR<\/strong>\u00a0tomaron otro camino en el que mientras la mayor\u00eda de sus diputados opt\u00f3 por el silencio dejan filtrar su malestar con la delegaci\u00f3n de poderes al Poder Ejecutivo, y aseguran que no van a dejar pasar esa \u201clocura\u201d.\u00a0<strong>Tampoco ven con buenos ojos la suspensi\u00f3n de la ley de movilidad jubilatoria.<\/strong><\/p>\n<p>Por su parte, el flamante bloque\u00a0<strong>Hacemos Coalici\u00f3n Federal,<\/strong>\u00a0que tiene 23 diputados nacionales y es una de las principales fuerzas de la oposici\u00f3n moderada, a\u00fan no se pronunci\u00f3 pues s<strong>us diputados se encuentran abocados en este momento a estudiar individualmente el proyecto<\/strong>\u00a0de ley, para despu\u00e9s fijar una postura com\u00fan.<\/p>\n<p>En tanto, el <strong>Frente de Izquierda-Unidad<\/strong>\u00a0se puso en pie de guerra contra el proyecto de ley, de la misma manera que se hab\u00eda posicionado contra el mega DNU.<\/p>\n<p>La diputada nacional y ex candidata presidencial Myriam Bregman enumer\u00f3 muchos de los cambios con los que la izquierda est\u00e1 en profundo desacuerdo,\u00a0<strong>desde el cercenamiento del derecho a la protesta y a la huelga, la eliminaci\u00f3n de la publicidad gratuita de las campa\u00f1as y su reemplazo por los aportes privados sin l\u00edmites, y el fin de la paridad de g\u00e9nero en las listas.(VW)<\/strong><\/p>\n<p><strong>Fuente: Agencias de Noticias y portales<\/strong><\/p>\n<p>&nbsp;<\/p>\n","protected":false},"excerpt":{"rendered":"<p>La iniciativa contiene modificaciones \u201cen materia tributaria, laboral, penal, energ\u00e9tica electoral y previsional. La iniciativa impulsa la privatizac\u00f3n de 41 empresas del estado, incluido el Banco Naci\u00f3n.<\/p>\n","protected":false},"author":3,"featured_media":7911,"comment_status":"closed","ping_status":"closed","sticky":false,"template":"","format":"standard","meta":{"_monsterinsights_skip_tracking":false,"_monsterinsights_sitenote_active":false,"_monsterinsights_sitenote_note":"","_monsterinsights_sitenote_category":0,"footnotes":""},"categories":[4],"tags":[5458,1717,143,663,5403],"class_list":["post-13129","post","type-post","status-publish","format-standard","has-post-thumbnail","hentry","category-politica","tag-bloques","tag-bna","tag-diputados","tag-empresas","tag-ley-omnibus"],"_links":{"self":[{"href":"https:\/\/www.visionweb.com.ar\/index.php?rest_route=\/wp\/v2\/posts\/13129","targetHints":{"allow":["GET"]}}],"collection":[{"href":"https:\/\/www.visionweb.com.ar\/index.php?rest_route=\/wp\/v2\/posts"}],"about":[{"href":"https:\/\/www.visionweb.com.ar\/index.php?rest_route=\/wp\/v2\/types\/post"}],"author":[{"embeddable":true,"href":"https:\/\/www.visionweb.com.ar\/index.php?rest_route=\/wp\/v2\/users\/3"}],"replies":[{"embeddable":true,"href":"https:\/\/www.visionweb.com.ar\/index.php?rest_route=%2Fwp%2Fv2%2Fcomments&post=13129"}],"version-history":[{"count":1,"href":"https:\/\/www.visionweb.com.ar\/index.php?rest_route=\/wp\/v2\/posts\/13129\/revisions"}],"predecessor-version":[{"id":13130,"href":"https:\/\/www.visionweb.com.ar\/index.php?rest_route=\/wp\/v2\/posts\/13129\/revisions\/13130"}],"wp:featuredmedia":[{"embeddable":true,"href":"https:\/\/www.visionweb.com.ar\/index.php?rest_route=\/wp\/v2\/media\/7911"}],"wp:attachment":[{"href":"https:\/\/www.visionweb.com.ar\/index.php?rest_route=%2Fwp%2Fv2%2Fmedia&parent=13129"}],"wp:term":[{"taxonomy":"category","embeddable":true,"href":"https:\/\/www.visionweb.com.ar\/index.php?rest_route=%2Fwp%2Fv2%2Fcategories&post=13129"},{"taxonomy":"post_tag","embeddable":true,"href":"https:\/\/www.visionweb.com.ar\/index.php?rest_route=%2Fwp%2Fv2%2Ftags&post=13129"}],"curies":[{"name":"wp","href":"https:\/\/api.w.org\/{rel}","templated":true}]}}