{"id":13125,"date":"2023-12-27T15:37:46","date_gmt":"2023-12-27T18:37:46","guid":{"rendered":"https:\/\/www.visionweb.com.ar\/?p=13125"},"modified":"2023-12-27T15:40:24","modified_gmt":"2023-12-27T18:40:24","slug":"sindicatos-y-movimientos-sociales-se-movilizaron-contra-el-dnu-a-tribunales","status":"publish","type":"post","link":"https:\/\/www.visionweb.com.ar\/?p=13125","title":{"rendered":"Sindicatos y movimientos sociales se movilizaron contra el DNU a tribunales"},"content":{"rendered":"<p><em><strong>En la desconcentraci\u00f3n hubo incidentes. Se realiz\u00f3 sin inconvenientes frente al Palacio de Tribunales porte\u00f1o. Hubo detenidos en la desconcentraci\u00f3n y un polic\u00eda fue atropellado.<\/strong><\/em><!--more--><\/p>\n<div id=\"attachment_13126\" style=\"width: 310px\" class=\"wp-caption alignright\"><img loading=\"lazy\" decoding=\"async\" aria-describedby=\"caption-attachment-13126\" class=\"wp-image-13126 size-medium\" src=\"https:\/\/www.visionweb.com.ar\/wp-content\/uploads\/2023\/12\/CGT-CONCENTRACION-300x225.png\" alt=\"\" width=\"300\" height=\"225\" srcset=\"https:\/\/www.visionweb.com.ar\/wp-content\/uploads\/2023\/12\/CGT-CONCENTRACION-300x225.png 300w, https:\/\/www.visionweb.com.ar\/wp-content\/uploads\/2023\/12\/CGT-CONCENTRACION-320x240.png 320w, https:\/\/www.visionweb.com.ar\/wp-content\/uploads\/2023\/12\/CGT-CONCENTRACION.png 650w\" sizes=\"auto, (max-width: 300px) 100vw, 300px\" \/><p id=\"caption-attachment-13126\" class=\"wp-caption-text\"><strong><em>Un aspecto de la concentraci\u00f3n que se realiz\u00f3 este mi\u00e9rcoles en la Plaza Lavalle, frente a Ttribunales, en CABA. (Foto X)<\/em><\/strong><\/p><\/div>\n<p><strong>M<\/strong>iles de personas nucleadas en gremios y agrupaciones de izquierda se movilizaron este mi\u00e9rcoles al Palacio de Tribunales en la Ciudad Aut\u00f3noma de Buenos Aires para protestar contra el decreto de necesidad y urgencia (DNU) anunciado por el presidente Javier Milei la semana pasada.<\/p>\n<p>La concentraci\u00f3n fue convocada por la CGT y de la que tambi\u00e9n participaron las dos CTA, movimientos sociales y partidos de izquierda. La protesta se inici\u00f3 a media ma\u00f1ana, trascurri\u00f3 de manera ordenada y culmin\u00f3 pasado el mediod\u00eda. En la misma se ley\u00f3 un comunicado de la central obrera.<\/p>\n<p>En el documento la CGT se\u00f1al\u00f3 que el decreto \u201centre otras muchas medidas arbitrarias, anticonstitucionales y lesivas de un vasto n\u00famero de derechos civiles, comerciales y sociales, introduce una feroz reforma laboral regresiva cuyo \u00fanico objetivo es disciplinar a los trabajadores, cercenar la actividad sindical y solo privilegiar intereses empresariales\u201d.<\/p>\n<p>\u201cCualquier plan de Gobierno que exija modificaci\u00f3n, derogaci\u00f3n o creaci\u00f3n de leyes debe, imprescindiblemente, pasar por el debate parlamentario\u201d, se\u00f1al\u00f3 la central. Y agreg\u00f3: \u201cEl DNU est\u00e1 viciado de origen y por lo tanto es nulo de toda nulidad, tal como lo expresa nuestra Constituci\u00f3n y la pac\u00edfica jurisprudencia de la Corte Suprema de Justicia de la Naci\u00f3n\u201d.<\/p>\n<p>Adem\u00e1s, a trav\u00e9s del escrito, se advirti\u00f3 que \u201cuna elecci\u00f3n democr\u00e1tica de Presidente otorga legalidad y legitimidad para quien es electo para impulsar las iniciativas pol\u00edticas que considere necesarias pero siempre en el marco de la ley y el respeto a la divisi\u00f3n de poderes republicanos\u201d.<\/p>\n<p>Tras el acto, H\u00e9ctor Daer, uno de los titulares de la CGT, sostuvo que \u201chay que ser inteligentes y tener la mejor estrategia para voltear el DNU porque si el DNU corre, cambia dr\u00e1sticamente la administraci\u00f3n estatal y cambia nuestro pa\u00eds para siempre\u201d.<\/p>\n<p>En tanto el dirigente social y ex pre candidato a presidente por Uni\u00f3n por la Patria, Juan Grabois, dijo que Milei \u201cno est\u00e1 cumpliendo con las normas de la democracia\u201d y pidi\u00f3 por la presencia de los dirigentes del peronismo. \u201c\u00bfD\u00f3nde est\u00e1 Sergio Massa?\u201d, se pregunt\u00f3.<\/p>\n<p>El decreto anunciado por Milei deroga m\u00faltiples leyes, plantea una profunda desregulaci\u00f3n de la econom\u00eda y reformas laborales. Ma\u00f1ana, el Comit\u00e9 Central de la CGT se reunir\u00e1 para definir un plan de lucha.<\/p>\n<h3 class=\"wp-block-heading\"><strong>Un polic\u00eda atropellado y detenciones<\/strong><\/h3>\n<p>Tras la movilizaci\u00f3n se registraron incidentes en la zona de la calle Corrientes. En ese marco, un agente de polic\u00eda result\u00f3 atropellado por un colectivo y hubo detenciones cuando algunas personas intentaban cortar la calle.<\/p>\n<p>El efectivo policial fue atropellado en el cruce de la avenida Corrientes y Uruguay, mientras participaba del operativo. Fue trasladado al hospital Italiano.<\/p>\n<p>Sobre una de las detenciones, uno de los manifestantes se\u00f1al\u00f3: \u201cVen\u00edamos cantando por Av. Corrientes, llegamos hasta Uruguay, nos hicieron un operativo cerrojo y no pudimos movernos de ac\u00e1\u201d.<\/p>\n<p>En di\u00e1logo a\u00f1adi\u00f3 con TN: \u201cAcompa\u00f1\u00e1bamos a Juan Grabois. \u00c9l se tom\u00f3 el subte y nosotros nos quedamos ac\u00e1. Entonces vinieron 10 polic\u00edas y lo tiraron [al detenido] contra el piso salvajemente. Los est\u00e1bamos filmando porque hab\u00eda una actitud represiva por parte de ellos\u201d<strong>(VW)<\/strong><\/p>\n<p><strong>Fuente: Agencias<\/strong><\/p>\n<p>&nbsp;<\/p>\n","protected":false},"excerpt":{"rendered":"<p>En la desconcentraci\u00f3n hubo incidentes. Se realiz\u00f3 sin inconvenientes frente al Palacio de Tribunales porte\u00f1o. Hubo detenidos en la desconcentraci\u00f3n y un polic\u00eda fue atropellado.<\/p>\n","protected":false},"author":3,"featured_media":13126,"comment_status":"closed","ping_status":"closed","sticky":false,"template":"","format":"standard","meta":{"_monsterinsights_skip_tracking":false,"_monsterinsights_sitenote_active":false,"_monsterinsights_sitenote_note":"","_monsterinsights_sitenote_category":0,"footnotes":""},"categories":[4],"tags":[2032,676,1736],"class_list":["post-13125","post","type-post","status-publish","format-standard","has-post-thumbnail","hentry","category-politica","tag-cgt","tag-dnu","tag-policia"],"_links":{"self":[{"href":"https:\/\/www.visionweb.com.ar\/index.php?rest_route=\/wp\/v2\/posts\/13125","targetHints":{"allow":["GET"]}}],"collection":[{"href":"https:\/\/www.visionweb.com.ar\/index.php?rest_route=\/wp\/v2\/posts"}],"about":[{"href":"https:\/\/www.visionweb.com.ar\/index.php?rest_route=\/wp\/v2\/types\/post"}],"author":[{"embeddable":true,"href":"https:\/\/www.visionweb.com.ar\/index.php?rest_route=\/wp\/v2\/users\/3"}],"replies":[{"embeddable":true,"href":"https:\/\/www.visionweb.com.ar\/index.php?rest_route=%2Fwp%2Fv2%2Fcomments&post=13125"}],"version-history":[{"count":2,"href":"https:\/\/www.visionweb.com.ar\/index.php?rest_route=\/wp\/v2\/posts\/13125\/revisions"}],"predecessor-version":[{"id":13128,"href":"https:\/\/www.visionweb.com.ar\/index.php?rest_route=\/wp\/v2\/posts\/13125\/revisions\/13128"}],"wp:featuredmedia":[{"embeddable":true,"href":"https:\/\/www.visionweb.com.ar\/index.php?rest_route=\/wp\/v2\/media\/13126"}],"wp:attachment":[{"href":"https:\/\/www.visionweb.com.ar\/index.php?rest_route=%2Fwp%2Fv2%2Fmedia&parent=13125"}],"wp:term":[{"taxonomy":"category","embeddable":true,"href":"https:\/\/www.visionweb.com.ar\/index.php?rest_route=%2Fwp%2Fv2%2Fcategories&post=13125"},{"taxonomy":"post_tag","embeddable":true,"href":"https:\/\/www.visionweb.com.ar\/index.php?rest_route=%2Fwp%2Fv2%2Ftags&post=13125"}],"curies":[{"name":"wp","href":"https:\/\/api.w.org\/{rel}","templated":true}]}}