{"id":13123,"date":"2023-12-27T09:57:01","date_gmt":"2023-12-27T12:57:01","guid":{"rendered":"https:\/\/www.visionweb.com.ar\/?p=13123"},"modified":"2023-12-27T09:57:01","modified_gmt":"2023-12-27T12:57:01","slug":"milei-afirmo-que-si-las-camaras-rechazan-el-dnu-llamaria-a-un-plebiscito","status":"publish","type":"post","link":"https:\/\/www.visionweb.com.ar\/?p=13123","title":{"rendered":"Milei afirm\u00f3 que si las C\u00e1maras rechazan el DNU, \u00abllamar\u00eda a un plebiscito\u00bb"},"content":{"rendered":"<p><em><strong>Ser\u00e1 para someterlo al voto popular. Luego de recibir fuertes rechazos por parte de diferentes sectores, explic\u00f3 que \u00abcon el DNU se minimizar\u00e1 el da\u00f1o sobre la sociedad\u00bb.<\/strong><\/em><!--more--><\/p>\n<p><img loading=\"lazy\" decoding=\"async\" class=\"size-medium wp-image-10894 alignright\" src=\"https:\/\/www.visionweb.com.ar\/wp-content\/uploads\/2023\/06\/MILEI-300x200.png\" alt=\"\" width=\"300\" height=\"200\" srcset=\"https:\/\/www.visionweb.com.ar\/wp-content\/uploads\/2023\/06\/MILEI-300x200.png 300w, https:\/\/www.visionweb.com.ar\/wp-content\/uploads\/2023\/06\/MILEI.png 640w\" sizes=\"auto, (max-width: 300px) 100vw, 300px\" \/>\u00a0<strong> E<\/strong>l presidente <strong>Javier Milei<\/strong>\u00a0afirm\u00f3 durante una entrevista que llamar\u00e1 a un\u00a0<strong>plebiscito<\/strong> si el Congreso rechaza<strong> el mega Decreto de Necesidad y Urgencia (DNU) presentado la semana pasada,<\/strong> que contempla la modificaci\u00f3n de 366 leyes argentinas y \u00abdesregular la econom\u00eda\u00bb.<\/p>\n<p>En di\u00e1logo con\u00a0<em>La Naci\u00f3n M\u00e1s<\/em>, el libertario anunci\u00f3 que habr\u00e1 inflaci\u00f3n y recesi\u00f3n en los primeros meses, pero que\u00a0<strong>\u00abcon el DNU se minimizar\u00e1 el da\u00f1o sobre la sociedad\u00bb.<\/strong><\/p>\n<p>\u00ab<strong>Si me lo rechazan, llamar\u00eda a un plebiscito y que me expliquen por qu\u00e9 se ponen en contra de la gente<\/strong>\u00ab, cuestion\u00f3 el presidente, y asegur\u00f3 que la sociedad recibi\u00f3 bien al plan de desregulaci\u00f3n de la econom\u00eda.<\/p>\n<p>En ese sentido, fundament\u00f3 que \u00abla gente entendi\u00f3 bien\u00bb la necesidad y la urgencia de todas esas medidas, y que el mega decreto que present\u00f3 \u00abtiene m\u00e1s de 75% de aprobaci\u00f3n\u00bb.<\/p>\n<p>Milei apunt\u00f3 fuertemente contra los legisladores y asegur\u00f3 que el decreto \u00abo no les gusta, o quieren agarrar alg\u00fan negocio negociando alguna ley\u00bb. Adem\u00e1s, asegur\u00f3 que el DNU \u00abva en contra de los tongos de la casta\u00bb y lo catalog\u00f3 como \u00abmarket friendly\u00bb.<\/p>\n<p>En este sentido, justific\u00f3 la presentaci\u00f3n de su DNU diciendo que \u00abCristina se ha cansado de firmar DNU, Macri firm\u00f3 un mont\u00f3n de DNU, Alberto tambi\u00e9n, todos firman DNU\u00bb, pero que si lo manda \u00e9l, no lo dejan, y lo defini\u00f3 como una \u00abdoble vara\u00bb.<\/p>\n<p>Por otra parte, el Presidente\u00a0<strong>volvi\u00f3 a defender el ajuste<\/strong>\u00a0y afirm\u00f3 que \u00abel ajuste lo ten\u00e9s que hacer para no volar por los aires\u00bb.<\/p>\n<p>Tambi\u00e9n explic\u00f3 por qu\u00e9 eligi\u00f3 el \u201cshock\u201d para aplicar las medidas: \u00ab<strong>El gradualismo siempre fracas\u00f3 en argentina, y el shock -sacando el caso del 59- siempre fue exitoso<\/strong>\u00ab. Adem\u00e1s explic\u00f3 que \u00absi vos no ten\u00e9s financiamiento, no hay plata, y si no hay plata,\u00a0<strong>no queda otra alternativa al shock<\/strong>\u00ab. <strong>(VW)<\/strong><\/p>\n","protected":false},"excerpt":{"rendered":"<p>Ser\u00e1 para someterlo al voto popular. Luego de recibir fuertes rechazos por parte de diferentes sectores, explic\u00f3 que \u00abcon el DNU se minimizar\u00e1 el da\u00f1o sobre la sociedad\u00bb.<\/p>\n","protected":false},"author":4,"featured_media":10894,"comment_status":"closed","ping_status":"closed","sticky":false,"template":"","format":"standard","meta":{"_monsterinsights_skip_tracking":false,"_monsterinsights_sitenote_active":false,"_monsterinsights_sitenote_note":"","_monsterinsights_sitenote_category":0,"footnotes":""},"categories":[4],"tags":[5456,5457],"class_list":["post-13123","post","type-post","status-publish","format-standard","has-post-thumbnail","hentry","category-politica","tag-dnu-milei","tag-plebiscito"],"_links":{"self":[{"href":"https:\/\/www.visionweb.com.ar\/index.php?rest_route=\/wp\/v2\/posts\/13123","targetHints":{"allow":["GET"]}}],"collection":[{"href":"https:\/\/www.visionweb.com.ar\/index.php?rest_route=\/wp\/v2\/posts"}],"about":[{"href":"https:\/\/www.visionweb.com.ar\/index.php?rest_route=\/wp\/v2\/types\/post"}],"author":[{"embeddable":true,"href":"https:\/\/www.visionweb.com.ar\/index.php?rest_route=\/wp\/v2\/users\/4"}],"replies":[{"embeddable":true,"href":"https:\/\/www.visionweb.com.ar\/index.php?rest_route=%2Fwp%2Fv2%2Fcomments&post=13123"}],"version-history":[{"count":1,"href":"https:\/\/www.visionweb.com.ar\/index.php?rest_route=\/wp\/v2\/posts\/13123\/revisions"}],"predecessor-version":[{"id":13124,"href":"https:\/\/www.visionweb.com.ar\/index.php?rest_route=\/wp\/v2\/posts\/13123\/revisions\/13124"}],"wp:featuredmedia":[{"embeddable":true,"href":"https:\/\/www.visionweb.com.ar\/index.php?rest_route=\/wp\/v2\/media\/10894"}],"wp:attachment":[{"href":"https:\/\/www.visionweb.com.ar\/index.php?rest_route=%2Fwp%2Fv2%2Fmedia&parent=13123"}],"wp:term":[{"taxonomy":"category","embeddable":true,"href":"https:\/\/www.visionweb.com.ar\/index.php?rest_route=%2Fwp%2Fv2%2Fcategories&post=13123"},{"taxonomy":"post_tag","embeddable":true,"href":"https:\/\/www.visionweb.com.ar\/index.php?rest_route=%2Fwp%2Fv2%2Ftags&post=13123"}],"curies":[{"name":"wp","href":"https:\/\/api.w.org\/{rel}","templated":true}]}}