{"id":13117,"date":"2023-12-27T09:25:22","date_gmt":"2023-12-27T12:25:22","guid":{"rendered":"https:\/\/www.visionweb.com.ar\/?p=13117"},"modified":"2023-12-27T09:25:22","modified_gmt":"2023-12-27T12:25:22","slug":"el-bolsillo-de-los-argentinos-pagara-la-deuda-ypf","status":"publish","type":"post","link":"https:\/\/www.visionweb.com.ar\/?p=13117","title":{"rendered":"El bolsillo de los argentinos pagar\u00e1 la deuda YPF"},"content":{"rendered":"<p><em><strong>Para eso el presidente Javier Milei quiere crear el impuesto Kicillof, en alusi\u00f3n al momento en que el actual gobernador bonaerense cuando junto a la es presidenta Cristina de Kirchner dispuso la nacionalizaci\u00f3n\u00a0 de YPF, al frente de la cartera de Econom\u00eda de la Naci\u00f3n en 2012.<\/strong><\/em>\u00a0 <!--more--><\/p>\n<p><img loading=\"lazy\" decoding=\"async\" class=\"size-medium wp-image-12621 alignright\" src=\"https:\/\/www.visionweb.com.ar\/wp-content\/uploads\/2023\/11\/YPF-300x182.png\" alt=\"\" width=\"300\" height=\"182\" srcset=\"https:\/\/www.visionweb.com.ar\/wp-content\/uploads\/2023\/11\/YPF-300x182.png 300w, https:\/\/www.visionweb.com.ar\/wp-content\/uploads\/2023\/11\/YPF.png 480w\" sizes=\"auto, (max-width: 300px) 100vw, 300px\" \/>El presidente de la Naci\u00f3n, Javier Milei, asegur\u00f3 que junto a su equipo est\u00e1 trabajando para crear la \u00abtasa Kicillof\u00bb para pagar la deuda de 16.000 millones de d\u00f3lares que deber\u00e1 abionar la Argentina a un fondo buitre por la nacionalizaci\u00f3n de la petrolera YPF.<\/p>\n<p>As\u00ed lo asegur\u00f3 el mandatario nacional en una entrevistas que dio ayer desde la Casa Rosada y dej\u00f3 varias definiciones. Entre ellas, la posibilidad de crear un impuesto con el nombre del gobernador Axel Kicillof para hacer frente a la deuda de USD 16.000 millones que tiene la Argentina con Burford Capital por la reestatizaci\u00f3n de YPF.<\/p>\n<p>Adem\u00e1s, asegur\u00f3 que si el Congreso le rechaza el super DNU, llamar\u00e1 a un plebiscito para que apoyen la inciativa, consign\u00f3 a agencia DIB.<\/p>\n<p>\u201cHay un problema, porque la plata no la tenemos, pero s\u00ed tenemos la voluntad de pagar. Una de las ideas en las que estamos trabajando, es crear la \u2018tasa Kicillof\u2019; que es pagarle a este fondo con un bono perpetuo. La idea es que los argentinos tengamos que pagar todos los a\u00f1os una determinada cantidad de d\u00f3lares gracias al error monstruoso que cometi\u00f3 Kicillof\u201d, dijo el mandatario, en una entrevista con LN+.<\/p>\n<p>\u201cTodos los argentinos recordaremos esa barbaridad que hizo y que hace que todos los d\u00edas tengamos que estar poniendo una determinada cantidad de d\u00f3lares para pagar el error de un chico cuya perspectiva ideol\u00f3gica perjudic\u00f3 a 46 millones de argentinos\u201d, agreg\u00f3.<\/p>\n<p>En otro orden, volvi\u00f3 a desafiar al Congreso por el DNU. \u201cSi me lo rechazan llamar\u00eda a un plebiscito y que me expliquen por qu\u00e9 se ponen en contra de la gente\u201d, dijo el Presidente al defender el megadecreto. \u201cNo pueden aceptar que perdieron, que la poblaci\u00f3n eligi\u00f3 otra cosa\u201d, subray\u00f3.<\/p>\n<p>En ese momento, acus\u00f3 a legisladores de \u201cbuscar coimas\u201d, pero no precis\u00f3 qui\u00e9nes son. \u201cOjo. A esos que les gusta tanto la discusi\u00f3n y discutir la coma y todo eso es porque est\u00e1n buscando coimas. Cuidado. Este DNU apunta contra los corruptos. Hay mucho vivillo y delincuente dando vuelta\u201d.<\/p>\n<p>Adem\u00e1s, se opuso al pedido de un sector de los gobernadores: \u201cNo estoy dispuesto a coparticipar el impuesto al cheque\u201d, dijo el mandatario.<\/p>\n<p>Sobre el ajuste de \u201cshock\u201d, el presidente sostuvo: \u201cVos no sab\u00e9s cu\u00e1nta fuerza ten\u00e9s hasta que la pon\u00e9s a prueba. Vos sab\u00e9s que ven\u00eda trabajando con el ministerio en las sombras. Lo que present\u00f3 Federico (Sturzenegger) es un tercio de las reformas. Lo que va al Congreso son dos tercios. Ya ven\u00edamos con las ideas de hacer estas reformas, y estamos dispuestos\u201d.<\/p>\n<p>\u201cFueron medidas de shock de libertad, anti casta y que, a diferencia de lo que dicen algunos, es amigable con la competencia, con los argentinos de bien\u201d, sostuvo. \u201cNosotros estamos convencidos de hacer esto. Si sale mal explota, pero si no hacemos nada tambi\u00e9n explota. Los argentinos de bien est\u00e1n dispuestos a hacer este esfuerzo\u201d.<\/p>\n<p>Adem\u00e1s, consider\u00f3 que \u201cfue tan bien recibido el programa econ\u00f3mico que, a diferencia de otros casos donde la brecha se manten\u00eda constante o se ampliaba, logramos reducir la brecha en un contexto donde, adem\u00e1s, bajamos la tasa de inter\u00e9s\u201d.<\/p>\n<p>En otro punto, fue consultado sobre el protocolo \u201cantipiquetes\u201d y contra los cacerolazos, y consider\u00f3: \u201cLa doctora Bullrich hizo un trabajo muy importante. \u00bfA vos te parece que en 16 d\u00edas de Gobierno tenga tres marchas? \u00bfNo pueden aceptar que perdieron y que la poblaci\u00f3n eligi\u00f3 otra cosa? \u00bfNo pueden aceptar que hay otra forma de ver el mundo? Este modelo que tanto defendieron llev\u00f3 a los salarios a 300 d\u00f3lares\u201d<\/p>\n<p>Adem\u00e1s, el presidente confirm\u00f3 la impresi\u00f3n de billetes de $20.000 y $50.000: \u201cS\u00ed (se van a imprimir nuevos billetes). Es una tortura el tema de los billetes; imaginate que ten\u00e9s que hacer un pago de efectivo, ten\u00e9s que andar con un bulto de papeles que te pone una etiqueta en la frente que dice \u2018rob\u00e1 ac\u00e1&#8217;\u201d<strong>(VW)<\/strong><\/p>\n","protected":false},"excerpt":{"rendered":"<p>Para eso el presidente Javier Milei quiere crear el impuesto Kicillof, en alusi\u00f3n al momento en que el actual gobernador bonaerense cuando junto a la es presidenta Cristina de Kirchner dispuso la nacionalizaci\u00f3n\u00a0 de&#46;&#46;&#46;<\/p>\n","protected":false},"author":3,"featured_media":12621,"comment_status":"closed","ping_status":"closed","sticky":false,"template":"","format":"standard","meta":{"_monsterinsights_skip_tracking":false,"_monsterinsights_sitenote_active":false,"_monsterinsights_sitenote_note":"","_monsterinsights_sitenote_category":0,"footnotes":""},"categories":[8,4],"tags":[5452,167,5451],"class_list":["post-13117","post","type-post","status-publish","format-standard","has-post-thumbnail","hentry","category-interes-general","category-politica","tag-impuesto","tag-kicillof","tag-ypv"],"_links":{"self":[{"href":"https:\/\/www.visionweb.com.ar\/index.php?rest_route=\/wp\/v2\/posts\/13117","targetHints":{"allow":["GET"]}}],"collection":[{"href":"https:\/\/www.visionweb.com.ar\/index.php?rest_route=\/wp\/v2\/posts"}],"about":[{"href":"https:\/\/www.visionweb.com.ar\/index.php?rest_route=\/wp\/v2\/types\/post"}],"author":[{"embeddable":true,"href":"https:\/\/www.visionweb.com.ar\/index.php?rest_route=\/wp\/v2\/users\/3"}],"replies":[{"embeddable":true,"href":"https:\/\/www.visionweb.com.ar\/index.php?rest_route=%2Fwp%2Fv2%2Fcomments&post=13117"}],"version-history":[{"count":1,"href":"https:\/\/www.visionweb.com.ar\/index.php?rest_route=\/wp\/v2\/posts\/13117\/revisions"}],"predecessor-version":[{"id":13118,"href":"https:\/\/www.visionweb.com.ar\/index.php?rest_route=\/wp\/v2\/posts\/13117\/revisions\/13118"}],"wp:featuredmedia":[{"embeddable":true,"href":"https:\/\/www.visionweb.com.ar\/index.php?rest_route=\/wp\/v2\/media\/12621"}],"wp:attachment":[{"href":"https:\/\/www.visionweb.com.ar\/index.php?rest_route=%2Fwp%2Fv2%2Fmedia&parent=13117"}],"wp:term":[{"taxonomy":"category","embeddable":true,"href":"https:\/\/www.visionweb.com.ar\/index.php?rest_route=%2Fwp%2Fv2%2Fcategories&post=13117"},{"taxonomy":"post_tag","embeddable":true,"href":"https:\/\/www.visionweb.com.ar\/index.php?rest_route=%2Fwp%2Fv2%2Ftags&post=13117"}],"curies":[{"name":"wp","href":"https:\/\/api.w.org\/{rel}","templated":true}]}}