{"id":13114,"date":"2023-12-27T09:05:34","date_gmt":"2023-12-27T12:05:34","guid":{"rendered":"https:\/\/www.visionweb.com.ar\/?p=13114"},"modified":"2023-12-27T09:05:34","modified_gmt":"2023-12-27T12:05:34","slug":"dnu-hoy-habra-marcha-de-la-cgt-y-presentara-varios-amparos","status":"publish","type":"post","link":"https:\/\/www.visionweb.com.ar\/?p=13114","title":{"rendered":"DNU: Hoy habr\u00e1 marcha de la CGT y presentar\u00e1 varios amparos"},"content":{"rendered":"<p><em><strong>Ser\u00e1 a las 11, presentar\u00e1 de una serie de medidas cautelares que frenen los alcances del DNU\u00a0firmado por el presidente Javier Milei. Se suman las dos CTA, la Unidad Piquetera, partidos de izquierda y organizaciones sociales. Repudio a la disposici\u00f3n oficial de\u00a0despedir a 7.000 trabajadores de la Administraci\u00f3n P\u00fablica Nacional.<\/strong><\/em><!--more--><\/p>\n<p><strong><img loading=\"lazy\" decoding=\"async\" class=\"size-medium wp-image-13115 alignright\" src=\"https:\/\/www.visionweb.com.ar\/wp-content\/uploads\/2023\/12\/cgt-contra-el-ajuste-300x167.png\" alt=\"\" width=\"300\" height=\"167\" srcset=\"https:\/\/www.visionweb.com.ar\/wp-content\/uploads\/2023\/12\/cgt-contra-el-ajuste-300x167.png 300w, https:\/\/www.visionweb.com.ar\/wp-content\/uploads\/2023\/12\/cgt-contra-el-ajuste.png 359w\" sizes=\"auto, (max-width: 300px) 100vw, 300px\" \/>\u00a0\u00a0 L<\/strong>a CGT, las dos CTA, la Unidad Piquetera y partidos de izquierda se congregar\u00e1n este mediod\u00eda, junto a otras organizaciones sociales y gremiales, aunados en una movilizaci\u00f3n hacia Tribunales en rechazo al decreto presidencial.<\/p>\n<p>El DNU del conflicto, que abarca la desregulaci\u00f3n de la econom\u00eda, a la vez deroga m\u00faltiples leyes, algunas de ellas laborales, ante la cual la CGT expres\u00f3 su rechazo y convoc\u00f3 a una marcha.<\/p>\n<p>Por su parte, el Gobierno advirti\u00f3 que utilizar\u00e1 \u201ctodas las medidas de disuasi\u00f3n\u201d para que no haya cortes, entre ellas, el protocolo de orden p\u00fablico.<\/p>\n<p>La concentraci\u00f3n fue convocada por la CGT\u00a0<strong>desde las 11 frente al Palacio de Justicia<\/strong>, en las calles Lavalle y Talcahuano, en el centro porte\u00f1o, con el objetivo de<strong>\u00a0acompa\u00f1ar la presentaci\u00f3n de una serie de medidas cautelares que frenen los alcances del DNU<\/strong>\u00a0firmado por el presidente Javier Milei y presentado el mi\u00e9rcoles pasado en un mensaje difundido por cadena nacional.<\/p>\n<p>Adem\u00e1s, anunci\u00f3 que\u00a0<strong>este jueves reunir\u00e1 al Comit\u00e9 Central Confederal para definir un plan de lucha\u00a0<\/strong>que podr\u00eda incluir una huelga nacional de 24 horas de duraci\u00f3n.<\/p>\n<p>El dirigente de los camioneros, Pablo Moyano, record\u00f3: \u00abNosotros no nos vamos a quedar atr\u00e1s, yo siempre lo dije en campa\u00f1a que cuando se tomen medidas contra los laburantes, vamos a ser los primeros en salir a la calle\u00bb.<\/p>\n<p><strong>\u00abNo podemos quedar cruzados de brazos cuando est\u00e1n aniquilando los derechos de los laburantes. Seguramente hay dos posturas, no hay tercera: Paro o marcha\u00bb<\/strong>, subray\u00f3.<\/p>\n<p>Seg\u00fan informaron las organizaciones de Izquierda, la UTA tambi\u00e9n convoca a marchar desde Congreso; Sanidad desde Callao y Corrientes, el Sindicalismo Combativo y el Frente de Lucha Piquetero desde C\u00f3rdoba y Libertad.<\/p>\n<p>Junto a la CGT tambi\u00e9n se movilizar\u00e1n la\u00a0Central de Trabajadores de Argentina (CTA-T), la Aut\u00f3noma\u00a0(CTA-A) y la Asociaci\u00f3n de Trabajadores del Estado (ATE), que al reclamo de inconstitucionalidad del DNU firmado por Milei<strong>\u00a0le sum\u00f3 el repudio a la disposici\u00f3n oficial de\u00a0despedir a 7.000 trabajadores de la Administraci\u00f3n P\u00fablica Nacional, oficializada por medio de otro decreto publicado en el Bolet\u00edn Oficial.<\/strong><\/p>\n<p><strong>\u201cQue nadie espere que aceptemos ni un solo despido\u201d<\/strong>, se\u00f1al\u00f3 el secretario general de ATE, Rodolfo Aguiar.<\/p>\n<p>En tanto, tambi\u00e9n anunciaron que machar\u00e1n a<strong>\u00a0Tribunales la\u00a0Uni\u00f3n de Trabajadores de la Econom\u00eda Popular, el Frente de Organizaciones en Lucha, el\u00a0Polo Obrero y la Unidad Piquetera.<\/strong><\/p>\n<p>Por parte, el dirigente del\u00a0<strong>Polo Obrero<\/strong>\u00a0y referente de la\u00a0<strong>Unidad Piquetera<\/strong>,\u00a0<strong>Eduardo Belliboni<\/strong>, anunci\u00f3 la \u00abparticipaci\u00f3n masiva de la convocatoria de la CGT\u00bb que se llevar\u00e1 adelante desde las 11 horas. \u00abTenemos un reclamo muy concreto: un paro urgente y un plan de lucha para derrotar el DNU de Milei que es un ataque a los trabajadores y al conjunto del pueblo\u00bb, afirm\u00f3. <strong>(VW)<\/strong><\/p>\n","protected":false},"excerpt":{"rendered":"<p>Ser\u00e1 a las 11, presentar\u00e1 de una serie de medidas cautelares que frenen los alcances del DNU\u00a0firmado por el presidente Javier Milei. Se suman las dos CTA, la Unidad Piquetera, partidos de izquierda y&#46;&#46;&#46;<\/p>\n","protected":false},"author":4,"featured_media":13115,"comment_status":"closed","ping_status":"closed","sticky":false,"template":"","format":"standard","meta":{"_monsterinsights_skip_tracking":false,"_monsterinsights_sitenote_active":false,"_monsterinsights_sitenote_note":"","_monsterinsights_sitenote_category":0,"footnotes":""},"categories":[4,5],"tags":[2032,5450,4738,5449,2271],"class_list":["post-13114","post","type-post","status-publish","format-standard","has-post-thumbnail","hentry","category-politica","category-sociedad","tag-cgt","tag-contra-el-dnu","tag-cta","tag-marcha-27-de-diciembre","tag-organizaciones-sociales"],"_links":{"self":[{"href":"https:\/\/www.visionweb.com.ar\/index.php?rest_route=\/wp\/v2\/posts\/13114","targetHints":{"allow":["GET"]}}],"collection":[{"href":"https:\/\/www.visionweb.com.ar\/index.php?rest_route=\/wp\/v2\/posts"}],"about":[{"href":"https:\/\/www.visionweb.com.ar\/index.php?rest_route=\/wp\/v2\/types\/post"}],"author":[{"embeddable":true,"href":"https:\/\/www.visionweb.com.ar\/index.php?rest_route=\/wp\/v2\/users\/4"}],"replies":[{"embeddable":true,"href":"https:\/\/www.visionweb.com.ar\/index.php?rest_route=%2Fwp%2Fv2%2Fcomments&post=13114"}],"version-history":[{"count":1,"href":"https:\/\/www.visionweb.com.ar\/index.php?rest_route=\/wp\/v2\/posts\/13114\/revisions"}],"predecessor-version":[{"id":13116,"href":"https:\/\/www.visionweb.com.ar\/index.php?rest_route=\/wp\/v2\/posts\/13114\/revisions\/13116"}],"wp:featuredmedia":[{"embeddable":true,"href":"https:\/\/www.visionweb.com.ar\/index.php?rest_route=\/wp\/v2\/media\/13115"}],"wp:attachment":[{"href":"https:\/\/www.visionweb.com.ar\/index.php?rest_route=%2Fwp%2Fv2%2Fmedia&parent=13114"}],"wp:term":[{"taxonomy":"category","embeddable":true,"href":"https:\/\/www.visionweb.com.ar\/index.php?rest_route=%2Fwp%2Fv2%2Fcategories&post=13114"},{"taxonomy":"post_tag","embeddable":true,"href":"https:\/\/www.visionweb.com.ar\/index.php?rest_route=%2Fwp%2Fv2%2Ftags&post=13114"}],"curies":[{"name":"wp","href":"https:\/\/api.w.org\/{rel}","templated":true}]}}