{"id":13111,"date":"2023-12-27T08:23:08","date_gmt":"2023-12-27T11:23:08","guid":{"rendered":"https:\/\/www.visionweb.com.ar\/?p=13111"},"modified":"2023-12-27T08:23:08","modified_gmt":"2023-12-27T11:23:08","slug":"verano-kicillof-lanzo-el-operativo-de-sol-a-sol","status":"publish","type":"post","link":"https:\/\/www.visionweb.com.ar\/?p=13111","title":{"rendered":"Verano: Kicillof lanz\u00f3 el operativo de Sol a Sol\u00a0"},"content":{"rendered":"<p><em><strong>Fue en la ciudad de Mar del Plata. \u201cVamos acompa\u00f1ar al pueblo bonaerense que necesita trabajo, producci\u00f3n, ingresos, salud y m\u00e1s educaci\u00f3n, disfrutar y descansar en sus vacaciones\u201d, dijo.<\/strong><\/em><!--more--><\/p>\n<p><img loading=\"lazy\" decoding=\"async\" class=\"size-medium wp-image-13112 alignright\" src=\"https:\/\/www.visionweb.com.ar\/wp-content\/uploads\/2023\/12\/operativo-sol23-300x220.png\" alt=\"\" width=\"300\" height=\"220\" srcset=\"https:\/\/www.visionweb.com.ar\/wp-content\/uploads\/2023\/12\/operativo-sol23-300x220.png 300w, https:\/\/www.visionweb.com.ar\/wp-content\/uploads\/2023\/12\/operativo-sol23.png 590w\" sizes=\"auto, (max-width: 300px) 100vw, 300px\" \/>\u00a0 <strong>E<\/strong>l gobernador de la provincia de Buenos Aires, Axel Kicillof, encabez\u00f3 el acto de presentaci\u00f3n del Operativo de Sol a Sol 2023\/24, que prev\u00e9 <strong>el despliegue de m\u00e1s de 22.300 efectivos policiales, 185 autos, 76 motocicletas, diez camiones, seis helic\u00f3pteros, cuatro motos de agua y dos lanchas, adem\u00e1s de cuatro drones y 20 torres de vigilancia.<\/strong><\/p>\n<p>As\u00ed, en el marco del lanzamiento de la temporada de verano, la presentaci\u00f3n fue ayer en la ciudad de Mar del Plata, junto a los ministros de Seguridad, Javier Alonso; de Producci\u00f3n, Ciencia e Innovaci\u00f3n Tecnol\u00f3gica, Augusto Costa; de Salud, Nicol\u00e1s Kreplak; y de Transporte, Jorge D\u00b4Onofrio; la presidenta del Instituto Cultural, Florencia Saintout; el presidente del Banco Provincia, Juan Cuattromo; la dirigente Fernanda Raverta; el intendente de General Pueyrredon, Guillermo Montenegro; y el jefe de la Polic\u00eda provincial, Javier Villar.<\/p>\n<p>\u201cNos espera un verano dif\u00edcil y con complicaciones, pero desde el gobierno provincial no vamos retroceder y vamos acompa\u00f1ar al pueblo bonaerense que necesita trabajo, producci\u00f3n, ingresos, salud y m\u00e1s educaci\u00f3n, disfrutar y descansar en sus vacaciones\u201d, dijo el gobernador al iniciar.<\/p>\n<p>El despliegue incluir\u00e1 en esta temporada,\u00a0<strong>cinco esc\u00e1neres de sustancias prohibidas\u00a0<\/strong>y para la contingencia de combate de incendios y unos 6.000 bomberos, entre voluntarios y pertenecientes a las fuerzas de seguridad.<\/p>\n<p>A la vez tendr\u00e1 la novedad del\u00a0<strong>sistema de \u201ccomunicaciones encriptadas\u201d\u00a0<\/strong>para realizar\u00a0<strong>tareas preventivas<\/strong>, adem\u00e1s de los controles en diversos puntos y corredores viales de la provincia de Buenos Aires.<\/p>\n<p>Con respecto al<strong>\u00a0\u00e1rea de salud<\/strong>, los turistas tendr\u00e1n atenci\u00f3n pre hospitalaria y de refuerzo en distintos puntos en las rutas 2, 3, 11, 33, 56, 63 y 74, sum\u00e1ndose a los\u00a0<strong>70 radio operadores y tres unidades sanitarias m\u00f3viles<\/strong>, instaladas en el\u00a0<strong>partido de La Costa, Villa Gesell y Mar del Plata\u201d.<\/strong><\/p>\n<p>Tambi\u00e9n habr\u00e1\u00a0<strong>sistemas especializados<\/strong>\u00a0en todo el corredor tur\u00edstico, con cinco equipos de trauma, dos de neurocirug\u00eda, dos equipos de salud mental, 39 ambulancias de alta complejidad, nueve veh\u00edculos 4X4, dos m\u00f3viles de log\u00edstica, un helic\u00f3ptero sanitario y dos minib\u00fas, se detall\u00f3.<\/p>\n<p>En tanto, el\u00a0<strong>tren sanitario\u00a0<\/strong>que formar\u00e1 parte del Sol a Sol 2023\/2024, se inform\u00f3 que tendr\u00e1 35 postas en 12 municipios, con 176 promotores realizaron tareas preventivas.<\/p>\n<p>Durante la ceremonia de lanzamiento, el gobernador Kicillof hizo hincapi\u00e9 en que el Operativo de Sol a Sol es \u201c<strong>de un esfuerzo desde lo log\u00edstico, de programaci\u00f3n y formaci\u00f3n\u201d,<\/strong>\u00a0y al mismo tiempo destac\u00f3 la \u201cpresencia de los 22 mil efectivos, incluyendo a aquellos que comienzan su carrera hoy como agentes\u201d.<\/p>\n<p>En su breve discurso el mandatario bonaerense afirm\u00f3 que \u201cel operativo Sol a Sol refuerza en todas las localidades tur\u00edsticas la seguridad, pero tambi\u00e9n una importante dotaci\u00f3n de recursos hospitalarios, extrahospitalarios, transporte, cultura y de tr\u00e1nsito, banco provincia, y de otras \u00e1reas provinciales\u201d.<\/p>\n<p>Kicillof remarc\u00f3 que\u00a0<strong>\u201clas nuevas medidas est\u00e1n generando mucha angustia e incertidumbre,\u00a0<\/strong>pero estamos convencidos que con recortar los recursos no es la forma correcta. Creen que castigan a un gobierno o a quienes tenemos la responsabilidad de representaci\u00f3n, pero si cortan recursos, lo van a sufrir los municipios y el pueblo\u201d.<\/p>\n<p>\u201cSabemos que a la gente se le va a hacer dura, pero yo le digo que pueden contar con el gobierno de la Provincia de Buenos Aires\u201d, subray\u00f3. <strong>(VW)<\/strong><\/p>\n<p>&nbsp;<\/p>\n","protected":false},"excerpt":{"rendered":"<p>Fue en la ciudad de Mar del Plata. \u201cVamos acompa\u00f1ar al pueblo bonaerense que necesita trabajo, producci\u00f3n, ingresos, salud y m\u00e1s educaci\u00f3n, disfrutar y descansar en sus vacaciones\u201d, dijo.<\/p>\n","protected":false},"author":4,"featured_media":13112,"comment_status":"closed","ping_status":"closed","sticky":false,"template":"","format":"standard","meta":{"_monsterinsights_skip_tracking":false,"_monsterinsights_sitenote_active":false,"_monsterinsights_sitenote_note":"","_monsterinsights_sitenote_category":0,"footnotes":""},"categories":[4],"tags":[167,5447,5448],"class_list":["post-13111","post","type-post","status-publish","format-standard","has-post-thumbnail","hentry","category-politica","tag-kicillof","tag-operativo-de-sol-a-sol","tag-verano-2024"],"_links":{"self":[{"href":"https:\/\/www.visionweb.com.ar\/index.php?rest_route=\/wp\/v2\/posts\/13111","targetHints":{"allow":["GET"]}}],"collection":[{"href":"https:\/\/www.visionweb.com.ar\/index.php?rest_route=\/wp\/v2\/posts"}],"about":[{"href":"https:\/\/www.visionweb.com.ar\/index.php?rest_route=\/wp\/v2\/types\/post"}],"author":[{"embeddable":true,"href":"https:\/\/www.visionweb.com.ar\/index.php?rest_route=\/wp\/v2\/users\/4"}],"replies":[{"embeddable":true,"href":"https:\/\/www.visionweb.com.ar\/index.php?rest_route=%2Fwp%2Fv2%2Fcomments&post=13111"}],"version-history":[{"count":1,"href":"https:\/\/www.visionweb.com.ar\/index.php?rest_route=\/wp\/v2\/posts\/13111\/revisions"}],"predecessor-version":[{"id":13113,"href":"https:\/\/www.visionweb.com.ar\/index.php?rest_route=\/wp\/v2\/posts\/13111\/revisions\/13113"}],"wp:featuredmedia":[{"embeddable":true,"href":"https:\/\/www.visionweb.com.ar\/index.php?rest_route=\/wp\/v2\/media\/13112"}],"wp:attachment":[{"href":"https:\/\/www.visionweb.com.ar\/index.php?rest_route=%2Fwp%2Fv2%2Fmedia&parent=13111"}],"wp:term":[{"taxonomy":"category","embeddable":true,"href":"https:\/\/www.visionweb.com.ar\/index.php?rest_route=%2Fwp%2Fv2%2Fcategories&post=13111"},{"taxonomy":"post_tag","embeddable":true,"href":"https:\/\/www.visionweb.com.ar\/index.php?rest_route=%2Fwp%2Fv2%2Ftags&post=13111"}],"curies":[{"name":"wp","href":"https:\/\/api.w.org\/{rel}","templated":true}]}}