{"id":13104,"date":"2023-12-26T08:58:39","date_gmt":"2023-12-26T11:58:39","guid":{"rendered":"https:\/\/www.visionweb.com.ar\/?p=13104"},"modified":"2023-12-26T07:25:14","modified_gmt":"2023-12-26T10:25:14","slug":"el-ministerio-de-salud-nacional-pide-extremar-medidas-de-prevencion-por-el-dengue","status":"publish","type":"post","link":"https:\/\/www.visionweb.com.ar\/?p=13104","title":{"rendered":"El Ministerio de Salud nacional pide extremar \u201cmedidas de prevenci\u00f3n\u201d por el dengue"},"content":{"rendered":"<p><em><strong>Inform\u00f3 que se viene observando \u201cuna curva epidemiol\u00f3gica ascendente durante las \u00faltimas cuatro semanas\u201d.<\/strong><\/em><!--more--><\/p>\n<p><img loading=\"lazy\" decoding=\"async\" class=\"size-medium wp-image-10358 alignright\" src=\"https:\/\/www.visionweb.com.ar\/wp-content\/uploads\/2023\/04\/DENGUE-NUEVA-SEPA-300x200.png\" alt=\"\" width=\"300\" height=\"200\" srcset=\"https:\/\/www.visionweb.com.ar\/wp-content\/uploads\/2023\/04\/DENGUE-NUEVA-SEPA-300x200.png 300w, https:\/\/www.visionweb.com.ar\/wp-content\/uploads\/2023\/04\/DENGUE-NUEVA-SEPA.png 640w\" sizes=\"auto, (max-width: 300px) 100vw, 300px\" \/>El Ministerio de Salud de la Naci\u00f3n emiti\u00f3 un comunicado, en los \u00faltimos d\u00edas,\u00a0 en el que pidi\u00f3 extremar \u201cmedidas de prevenci\u00f3n y cuidados\u201d para evitar contagios de dengue, ya que se viene observando \u201cuna curva epidemiol\u00f3gica ascendente durante las \u00faltimas cuatro semanas\u201d.<\/p>\n<p>La cartera sanitaria record\u00f3 que Argentina \u201cha registrado persistencia de casos de dengue durante la temporada invernal en la regi\u00f3n del Noreste\u201d y detall\u00f3 que en las \u00faltimas semanas se dieron \u201clos primeros casos aut\u00f3ctonos\u201d en el Centro y Noroeste del pa\u00eds, mientras que hubo \u201cun aumento en el n\u00famero promedio de casos\u201d.<\/p>\n<p>El comunicado advierte que \u201cla abundancia de lluvias y altas temperaturas asociadas con el fen\u00f3meno de El Ni\u00f1o generan condiciones ambientales favorables para la proliferaci\u00f3n de mosquitos\u201d, consign\u00f3 el comunicado.<\/p>\n<p>En este marco, se ha evidenciado la presencia de mosquitos Aedes aegypti (transmisores de dengue, zika y chikungunya) en zonas geogr\u00e1ficas donde antes no se los encontraba. Adem\u00e1s, hay co-circulaci\u00f3n de m\u00faltiples serotipos de dengue lo que puede incrementar el riesgo de formas graves de la enfermedad.<\/p>\n<p>\u201cEn este contexto epidemiol\u00f3gico y ante la proximidad de las fiestas, momento en el cual un importante n\u00famero de ciudadanos y ciudadanas se desplazar\u00e1n por diferentes lugares del pa\u00eds y de los pa\u00edses lim\u00edtrofes, se recuerda que es necesario protegerse de la picadura\u201d, se\u00f1al\u00f3 el Ministerio de Salud.<\/p>\n<p>Para la protecci\u00f3n, la cartera recomend\u00f3 usar repelentes, utilizar ropa clara que cubra brazos y piernas (especialmente en actividades al aire libre); utilizar ahuyentadores de mosquitos (como tabletas o espirales), colocar mosquiteros en puertas, y proteger con tules camas, cunas y cochecitos.<\/p>\n<p>Adem\u00e1s, advirti\u00f3 que los productos comercializados con preparaciones herbales como el \u2018clavo de olor\u2019 y pulseras o brazaletes que suelen ser ofrecidos para uso en lactantes, as\u00ed como el tener plantas de citronela en las casas no protegen de la picadura del mosquito\u201d.<\/p>\n<p>\u201cLa mejor forma de combatir el dengue es eliminando los criaderos de mosquitos, los cuales se encuentran en recipientes con aguas estancadas\u201d, insistieron desde Salud. Asimismo, recomendaron \u201cmantener patios y jardines desmalezados para prevenir la presencia de mosquitos adultos\u201d y \u201ctratar con larvicidas de aquellos recipientes que no pueden ser tratados f\u00edsicamente ni eliminados\u201d.<\/p>\n<p>Durante la \u00faltima semana, el Ministerio de Salud bonaerense confirm\u00f3 el primer contagio sin registro de viaje en la provincia tras la interrupci\u00f3n viral de la enfermedad que se hab\u00eda dado entre fines de agosto y principios de septiembre pasado.<strong>(VW)<\/strong><\/p>\n<p>&nbsp;<\/p>\n","protected":false},"excerpt":{"rendered":"<p>Inform\u00f3 que se viene observando \u201cuna curva epidemiol\u00f3gica ascendente durante las \u00faltimas cuatro semanas\u201d.<\/p>\n","protected":false},"author":3,"featured_media":10358,"comment_status":"closed","ping_status":"closed","sticky":false,"template":"","format":"standard","meta":{"_monsterinsights_skip_tracking":false,"_monsterinsights_sitenote_active":false,"_monsterinsights_sitenote_note":"","_monsterinsights_sitenote_category":0,"footnotes":""},"categories":[1],"tags":[162,36,5444,100],"class_list":["post-13104","post","type-post","status-publish","format-standard","has-post-thumbnail","hentry","category-uncategorized","tag-argentina","tag-casos","tag-dngue","tag-salud"],"_links":{"self":[{"href":"https:\/\/www.visionweb.com.ar\/index.php?rest_route=\/wp\/v2\/posts\/13104","targetHints":{"allow":["GET"]}}],"collection":[{"href":"https:\/\/www.visionweb.com.ar\/index.php?rest_route=\/wp\/v2\/posts"}],"about":[{"href":"https:\/\/www.visionweb.com.ar\/index.php?rest_route=\/wp\/v2\/types\/post"}],"author":[{"embeddable":true,"href":"https:\/\/www.visionweb.com.ar\/index.php?rest_route=\/wp\/v2\/users\/3"}],"replies":[{"embeddable":true,"href":"https:\/\/www.visionweb.com.ar\/index.php?rest_route=%2Fwp%2Fv2%2Fcomments&post=13104"}],"version-history":[{"count":3,"href":"https:\/\/www.visionweb.com.ar\/index.php?rest_route=\/wp\/v2\/posts\/13104\/revisions"}],"predecessor-version":[{"id":13107,"href":"https:\/\/www.visionweb.com.ar\/index.php?rest_route=\/wp\/v2\/posts\/13104\/revisions\/13107"}],"wp:featuredmedia":[{"embeddable":true,"href":"https:\/\/www.visionweb.com.ar\/index.php?rest_route=\/wp\/v2\/media\/10358"}],"wp:attachment":[{"href":"https:\/\/www.visionweb.com.ar\/index.php?rest_route=%2Fwp%2Fv2%2Fmedia&parent=13104"}],"wp:term":[{"taxonomy":"category","embeddable":true,"href":"https:\/\/www.visionweb.com.ar\/index.php?rest_route=%2Fwp%2Fv2%2Fcategories&post=13104"},{"taxonomy":"post_tag","embeddable":true,"href":"https:\/\/www.visionweb.com.ar\/index.php?rest_route=%2Fwp%2Fv2%2Ftags&post=13104"}],"curies":[{"name":"wp","href":"https:\/\/api.w.org\/{rel}","templated":true}]}}