{"id":13096,"date":"2023-12-24T17:27:50","date_gmt":"2023-12-24T20:27:50","guid":{"rendered":"https:\/\/www.visionweb.com.ar\/?p=13096"},"modified":"2023-12-24T17:33:06","modified_gmt":"2023-12-24T20:33:06","slug":"la-agencia-de-noticias-reuters-desmintio-a-bullrich-sobre-el-numero-de-trabajadores","status":"publish","type":"post","link":"https:\/\/www.visionweb.com.ar\/?p=13096","title":{"rendered":"La agencia de noticias Reuters desminti\u00f3 a Bullrich sobre el n\u00famero de trabajadores"},"content":{"rendered":"<p><em><strong>En el programa de Mirtha Legrand, la ministra intent\u00f3 apoyar la privatizaci\u00f3n de las empresas estatales, entre ellas la agencia de noticias T\u00e9lam, pero dio datos incorrectos sobre otras empresas period\u00edsticas.<\/strong><\/em><!--more--><\/p>\n<p><img loading=\"lazy\" decoding=\"async\" class=\"size-medium wp-image-12986 alignright\" src=\"https:\/\/www.visionweb.com.ar\/wp-content\/uploads\/2023\/12\/Bullrich-protocolo-300x197.png\" alt=\"\" width=\"300\" height=\"197\" srcset=\"https:\/\/www.visionweb.com.ar\/wp-content\/uploads\/2023\/12\/Bullrich-protocolo-300x197.png 300w, https:\/\/www.visionweb.com.ar\/wp-content\/uploads\/2023\/12\/Bullrich-protocolo.png 542w\" sizes=\"auto, (max-width: 300px) 100vw, 300px\" \/>La ministra de Seguridad, Patricia Bullrich, critic\u00f3 el n\u00famero de trabajadores que se desempe\u00f1an en la agencia estatal T\u00e9lam para defender su privatizaci\u00f3n e intent\u00f3 compararla con la agencia internacional Reuters, pero dio datos incorrectos y desde la empresa period\u00edstica salieron al cruce.<\/p>\n<p>La ministra fue invitada al programa de la conductora Mirtha Legrand junto al presidente Javier Milei, quien volvi\u00f3 a defender la privatizaci\u00f3n de las empresas del Estado. \u201cEl otro d\u00eda estaban enojados los de T\u00e9lam. Bueno, le podemos dar la empresa a la gente. A ver qu\u00e9 hacen\u201d, dijo mandatario.<\/p>\n<p>Fue en ese momento que Bullrich intent\u00f3 sumar un argumento a favor de la privatizaci\u00f3n: \u201cReuters, la empresa m\u00e1s importante que todav\u00eda subsiste como agencia, tiene 200 trabajadores en todo el mundo, mientras que T\u00e9lam tiene m\u00e1s de mil en un solo pa\u00eds. Reuters tiene agencias en todo el mundo y es la \u00fanica agencia que subsiste porque hoy la agencia es Twitter. Las noticias se dan por Twitter, Twitter es mucho m\u00e1s importante que tener una agencia. Un Estado que tiene una agencia, \u00bfpara qu\u00e9? Las agencias privadas cerraron todas: DyN, NA. No existen m\u00e1s las agencias, la \u00fanica de existe es la del Estado\u201d.<\/p>\n<p>Los dichos de Bullrich r\u00e1pidamente fueron desmentidos en las redes sociales porque lo cierto es que actualmente son varias las agencias de noticias que permanecen activas en el mundo, adem\u00e1s de Reuters, tambi\u00e9n AFP, EFE, AP, Bloomberg y DPA. Y en el pa\u00eds Noticias Argentinas (NA) a\u00fan se encuentra en funcionamiento.<\/p>\n<p>En tanto, desde Reuters salieron a responderle directamente a la funcionaria. El jefe de esa agencia en Am\u00e9rica Latina, Adam Ramsay Jourdan, tuite\u00f3: \u201cMe encanta el reconocimiento de Patricia Bullrich desde Argentina para Reuters como la agencia de medios \u201cm\u00e1s importante\u201d del mundo (\u00a1estoy de acuerdo!). Aunque para dejar las cosas claras, tenemos 2.500 periodistas de texto, fotograf\u00eda y televisi\u00f3n cubriendo las noticias en oficinas de todo el mundo\u201d, explic\u00f3<strong>(WP)<\/strong><\/p>\n<p><strong>Publicado por la Agencia DIB<\/strong><\/p>\n<p>&nbsp;<\/p>\n<p>&nbsp;<\/p>\n","protected":false},"excerpt":{"rendered":"<p>En el programa de Mirtha Legrand, la ministra intent\u00f3 apoyar la privatizaci\u00f3n de las empresas estatales, entre ellas la agencia de noticias T\u00e9lam, pero dio datos incorrectos sobre otras empresas period\u00edsticas.<\/p>\n","protected":false},"author":3,"featured_media":12986,"comment_status":"closed","ping_status":"closed","sticky":false,"template":"","format":"standard","meta":{"_monsterinsights_skip_tracking":false,"_monsterinsights_sitenote_active":false,"_monsterinsights_sitenote_note":"","_monsterinsights_sitenote_category":0,"footnotes":""},"categories":[8,4],"tags":[],"class_list":["post-13096","post","type-post","status-publish","format-standard","has-post-thumbnail","hentry","category-interes-general","category-politica"],"_links":{"self":[{"href":"https:\/\/www.visionweb.com.ar\/index.php?rest_route=\/wp\/v2\/posts\/13096","targetHints":{"allow":["GET"]}}],"collection":[{"href":"https:\/\/www.visionweb.com.ar\/index.php?rest_route=\/wp\/v2\/posts"}],"about":[{"href":"https:\/\/www.visionweb.com.ar\/index.php?rest_route=\/wp\/v2\/types\/post"}],"author":[{"embeddable":true,"href":"https:\/\/www.visionweb.com.ar\/index.php?rest_route=\/wp\/v2\/users\/3"}],"replies":[{"embeddable":true,"href":"https:\/\/www.visionweb.com.ar\/index.php?rest_route=%2Fwp%2Fv2%2Fcomments&post=13096"}],"version-history":[{"count":1,"href":"https:\/\/www.visionweb.com.ar\/index.php?rest_route=\/wp\/v2\/posts\/13096\/revisions"}],"predecessor-version":[{"id":13097,"href":"https:\/\/www.visionweb.com.ar\/index.php?rest_route=\/wp\/v2\/posts\/13096\/revisions\/13097"}],"wp:featuredmedia":[{"embeddable":true,"href":"https:\/\/www.visionweb.com.ar\/index.php?rest_route=\/wp\/v2\/media\/12986"}],"wp:attachment":[{"href":"https:\/\/www.visionweb.com.ar\/index.php?rest_route=%2Fwp%2Fv2%2Fmedia&parent=13096"}],"wp:term":[{"taxonomy":"category","embeddable":true,"href":"https:\/\/www.visionweb.com.ar\/index.php?rest_route=%2Fwp%2Fv2%2Fcategories&post=13096"},{"taxonomy":"post_tag","embeddable":true,"href":"https:\/\/www.visionweb.com.ar\/index.php?rest_route=%2Fwp%2Fv2%2Ftags&post=13096"}],"curies":[{"name":"wp","href":"https:\/\/api.w.org\/{rel}","templated":true}]}}