{"id":13074,"date":"2023-12-21T11:07:10","date_gmt":"2023-12-21T14:07:10","guid":{"rendered":"https:\/\/www.visionweb.com.ar\/?p=13074"},"modified":"2023-12-21T11:07:10","modified_gmt":"2023-12-21T14:07:10","slug":"la-cta-autonoma-propone-un-gran-paro-nacional-en-rechazo-al-dnu-de-desregulacion-de-la-economia-del-gobierno","status":"publish","type":"post","link":"https:\/\/www.visionweb.com.ar\/?p=13074","title":{"rendered":"La CTA Aut\u00f3noma propone \u00abun gran paro nacional\u00bb en rechazo al DNU de desregulaci\u00f3n de la econom\u00eda del gobierno"},"content":{"rendered":"<p><em><strong>El secretario general, Hugo \u00abCachorro\u00bb Godoy, dijo que el decreto de Milei es \u00abuna bomba neutr\u00f3nica sobre el pueblo argentino\u00bb.<\/strong><\/em><!--more--><\/p>\n<div id=\"attachment_13075\" style=\"width: 310px\" class=\"wp-caption alignright\"><img loading=\"lazy\" decoding=\"async\" aria-describedby=\"caption-attachment-13075\" class=\"wp-image-13075 size-medium\" src=\"https:\/\/www.visionweb.com.ar\/wp-content\/uploads\/2023\/12\/CTA-Autonoma-300x168.png\" alt=\"\" width=\"300\" height=\"168\" srcset=\"https:\/\/www.visionweb.com.ar\/wp-content\/uploads\/2023\/12\/CTA-Autonoma-300x168.png 300w, https:\/\/www.visionweb.com.ar\/wp-content\/uploads\/2023\/12\/CTA-Autonoma.png 494w\" sizes=\"auto, (max-width: 300px) 100vw, 300px\" \/><p id=\"caption-attachment-13075\" class=\"wp-caption-text\">Foto de archivo<\/p><\/div>\n<p><strong>\u00a0\u00a0 E<\/strong>l secretario general de la <strong>CTA Aut\u00f3noma<\/strong>, <strong>Hugo \u201cCachorro\u201d Godoy<\/strong>, dijo esta ma\u00f1ana del jueves que el decreto de necesidad y urgencia (DNU) que estableci\u00f3 una profunda desregulaci\u00f3n de la econom\u00eda con la derogaci\u00f3n de m\u00faltiples leyes y normativas, y que apunta a avanzar en la privatizaci\u00f3n de empresas p\u00fablicas, es \u00abuna bomba neutr\u00f3nica sobre el pueblo argentino\u00bb y propuso \u00abconstruir un gran paro nacional\u00bb.<\/p>\n<p>En declaraciones a Radio Provincia, el dirigente sindical afirm\u00f3 este jueves que \u201cla \u00fanica manera de enfrentar este modelo es con la movilizaci\u00f3n popular\u201d y consider\u00f3 que \u201chay que construir un gran paro nacional\u201d contra la medida \u201cde entrega y desolaci\u00f3n\u201d.<\/p>\n<p><strong>Godoy<\/strong>\u00a0dijo que el\u00a0<strong>DNU\u00a0<\/strong>significa \u00abuna bomba neutr\u00f3nica sobre el pueblo argentino\u00bb y lo consider\u00f3 \u00abinconstitucional\u00bb por lo cual \u00abhay que generar una medida de fuerza que le ponga freno a esa embestida contra el pueblo trabajador\u00bb.<\/p>\n<p>\u00abEl\u00a0<strong>Congreso\u00a0<\/strong>tiene la responsabilidad de rechazar el\u00a0<strong>DNU<\/strong>\u00a0y nosotros construir un paro nacional que impida que sea implementado\u00bb porque \u00abes inconstitucional e ilegal\u00bb, enfatiz\u00f3 el dirigente sindical.<\/p>\n<p><strong>El\u00a0Decreto de Necesidad y Urgencia\u00a0(DNU) <\/strong>fue\u00a0publicado hoy en el<strong> Bolet\u00edn Oficial, <\/strong>aunque<strong> no especifica su fecha de entrada en vigencia, <\/strong>por lo cual la normativa<strong>\u00a0comenzar\u00eda a regir autom\u00e1ticamente dentro de 8 d\u00edas, es decir, el 29 de diciembre.\u00a0Salvo que el Gobierno emita otro DNU que indique el comienzo de su vigencia.<\/strong><\/p>\n<p><strong>Cacerolazos y bocinazos:<\/strong><\/p>\n<p>En la noche del mi\u00e9rcoles, luego de conocerse el DNU, se registraron cacerolazos en diversos puntos de la ciudad de Buenos Aires y el Conurbano bonaerense, en tanto que cientos de vecinos marcharon hacia el<strong>\u00a0Congreso nacional<\/strong>, en rechazo del anuncio del presidente\u00a0<strong>Javier Milei. <\/strong><\/p>\n<p>Las protestas tuvieron lugar en los barrios porte\u00f1os de\u00a0<strong>Constituci\u00f3n, San Crist\u00f3bal, Villa Crespo, Flores, Almagro, Caballito, Palermo, Belgrano, Boedo, Nu\u00f1ez, Chacarita, San Telmo, Balvanera, Recoleta y Parque de los Patricios.<\/strong><\/p>\n<p>Tambi\u00e9n se registraron cacerolazos en los partidos bonaerenses de\u00a0<strong>San Isidro, Esteban Echeverr\u00eda, Quilmes, Avellaneda, Lan\u00fas y Berazategui<\/strong>, entre otros.<\/p>\n<p>Luego, cientos de vecinos porte\u00f1os comenzaron a marchar hacia la plaza\u00a0<strong>Congreso<\/strong>, con c\u00e1nticos como \u00abLa patria no se vende\u00bb y portando cacerolas y banderas argentinas. <strong>(VW)<\/strong><\/p>\n","protected":false},"excerpt":{"rendered":"<p>El secretario general, Hugo \u00abCachorro\u00bb Godoy, dijo que el decreto de Milei es \u00abuna bomba neutr\u00f3nica sobre el pueblo argentino\u00bb.<\/p>\n","protected":false},"author":4,"featured_media":13075,"comment_status":"closed","ping_status":"closed","sticky":false,"template":"","format":"standard","meta":{"_monsterinsights_skip_tracking":false,"_monsterinsights_sitenote_active":false,"_monsterinsights_sitenote_note":"","_monsterinsights_sitenote_category":0,"footnotes":""},"categories":[4],"tags":[4738,676,5433,4878,5434],"class_list":["post-13074","post","type-post","status-publish","format-standard","has-post-thumbnail","hentry","category-politica","tag-cta","tag-dnu","tag-hugo-godoy","tag-javier-milei","tag-paro-en-rechazo"],"_links":{"self":[{"href":"https:\/\/www.visionweb.com.ar\/index.php?rest_route=\/wp\/v2\/posts\/13074","targetHints":{"allow":["GET"]}}],"collection":[{"href":"https:\/\/www.visionweb.com.ar\/index.php?rest_route=\/wp\/v2\/posts"}],"about":[{"href":"https:\/\/www.visionweb.com.ar\/index.php?rest_route=\/wp\/v2\/types\/post"}],"author":[{"embeddable":true,"href":"https:\/\/www.visionweb.com.ar\/index.php?rest_route=\/wp\/v2\/users\/4"}],"replies":[{"embeddable":true,"href":"https:\/\/www.visionweb.com.ar\/index.php?rest_route=%2Fwp%2Fv2%2Fcomments&post=13074"}],"version-history":[{"count":1,"href":"https:\/\/www.visionweb.com.ar\/index.php?rest_route=\/wp\/v2\/posts\/13074\/revisions"}],"predecessor-version":[{"id":13076,"href":"https:\/\/www.visionweb.com.ar\/index.php?rest_route=\/wp\/v2\/posts\/13074\/revisions\/13076"}],"wp:featuredmedia":[{"embeddable":true,"href":"https:\/\/www.visionweb.com.ar\/index.php?rest_route=\/wp\/v2\/media\/13075"}],"wp:attachment":[{"href":"https:\/\/www.visionweb.com.ar\/index.php?rest_route=%2Fwp%2Fv2%2Fmedia&parent=13074"}],"wp:term":[{"taxonomy":"category","embeddable":true,"href":"https:\/\/www.visionweb.com.ar\/index.php?rest_route=%2Fwp%2Fv2%2Fcategories&post=13074"},{"taxonomy":"post_tag","embeddable":true,"href":"https:\/\/www.visionweb.com.ar\/index.php?rest_route=%2Fwp%2Fv2%2Ftags&post=13074"}],"curies":[{"name":"wp","href":"https:\/\/api.w.org\/{rel}","templated":true}]}}