{"id":13045,"date":"2023-12-20T12:59:12","date_gmt":"2023-12-20T15:59:12","guid":{"rendered":"https:\/\/www.visionweb.com.ar\/?p=13045"},"modified":"2023-12-20T12:59:12","modified_gmt":"2023-12-20T15:59:12","slug":"la-cadena-nacional-de-javier-milei-sera-a-las-21","status":"publish","type":"post","link":"https:\/\/www.visionweb.com.ar\/?p=13045","title":{"rendered":"La cadena nacional de Javier Milei ser\u00e1 a las 21"},"content":{"rendered":"<p><em><strong>Se conocer\u00e1n los principales puntos del DNU del gobierno, que ser\u00e1 publicado en el Bolet\u00edn Oficial esta medianoche.<\/strong><\/em><!--more--><\/p>\n<p><strong><img loading=\"lazy\" decoding=\"async\" class=\"size-medium wp-image-12222 alignright\" src=\"https:\/\/www.visionweb.com.ar\/wp-content\/uploads\/2023\/10\/Milei-273x300.png\" alt=\"\" width=\"273\" height=\"300\" srcset=\"https:\/\/www.visionweb.com.ar\/wp-content\/uploads\/2023\/10\/Milei-273x300.png 273w, https:\/\/www.visionweb.com.ar\/wp-content\/uploads\/2023\/10\/Milei.png 409w\" sizes=\"auto, (max-width: 273px) 100vw, 273px\" \/>\u00a0 \u00a0 E<\/strong>l presidente<strong> Javier Milei<\/strong> realizar\u00e1 esta noche una cadena nacional para explicar los principales puntos del Decreto de Necesidad y Urgencia (DNU) que apunta a desregularizar la econom\u00eda.<\/p>\n<p>El nuevo horario fue anunciado por el vocero Manuel Adorni: <strong>\u201cEl presidente Milei hablar\u00e1 a las 21 para explicar DNU de desregulaci\u00f3n econ\u00f3mica\u201d<\/strong>, dijo esta ma\u00f1ana en la habitual conferencia de prensa en Casa Rosada.<\/p>\n<p>De acuerdo a la \u00faltima informaci\u00f3n, el mensaje del presidente ser\u00e1 transmitido cuando se espera que haya finalizado la marcha por el vig\u00e9simo segundo aniversario del 20 de diciembre de 2001, a la que convocaron organizaciones piqueteras y de izquierda junto a organismos de Derechos Humanos, en contra de las primeras medidas del gobierno.<\/p>\n<p><strong>Entre las principales iniciativas del DNU figuran cambios en el sistema laboral, la simplificaci\u00f3n de algunos tr\u00e1mites burocr\u00e1ticos para modernizar el Estado, y la derogaci\u00f3n de la ley de alquileres.<\/strong><\/p>\n<p>Trascendi\u00f3 que\u00a0<strong>se propondr\u00e1 limitar el derecho de huelga, promover el modelo UOCRA para reemplazar indemnizaciones por fondos de desempleo, y recortar las multas a empleadores<\/strong>.<\/p>\n<p>Adem\u00e1s de proponer\u00a0<strong>extender los per\u00edodos de prueba laboral de los actuales tres meses a casi un a\u00f1o, t<\/strong>ambi\u00e9n se buscar\u00eda modificar la cuota solidaria, que se acuerda entre empresas y sindicatos, y fija un descuento del sueldo a los trabajadores no afiliados por su representaci\u00f3n en la negociaci\u00f3n colectiva.<\/p>\n<p><strong>El DNU ser\u00e1 publicado en el Bolet\u00edn Oficial esta medianoche<\/strong> y contendr\u00e1 m\u00e1s de 600 art\u00edculos. <strong>(VW)<\/strong><\/p>\n","protected":false},"excerpt":{"rendered":"<p>Se conocer\u00e1n los principales puntos del DNU del gobierno, que ser\u00e1 publicado en el Bolet\u00edn Oficial esta medianoche.<\/p>\n","protected":false},"author":4,"featured_media":12222,"comment_status":"closed","ping_status":"closed","sticky":false,"template":"","format":"standard","meta":{"_monsterinsights_skip_tracking":false,"_monsterinsights_sitenote_active":false,"_monsterinsights_sitenote_note":"","_monsterinsights_sitenote_category":0,"footnotes":""},"categories":[4],"tags":[5421,676,4530],"class_list":["post-13045","post","type-post","status-publish","format-standard","has-post-thumbnail","hentry","category-politica","tag-cadena-nacional","tag-dnu","tag-milei"],"_links":{"self":[{"href":"https:\/\/www.visionweb.com.ar\/index.php?rest_route=\/wp\/v2\/posts\/13045","targetHints":{"allow":["GET"]}}],"collection":[{"href":"https:\/\/www.visionweb.com.ar\/index.php?rest_route=\/wp\/v2\/posts"}],"about":[{"href":"https:\/\/www.visionweb.com.ar\/index.php?rest_route=\/wp\/v2\/types\/post"}],"author":[{"embeddable":true,"href":"https:\/\/www.visionweb.com.ar\/index.php?rest_route=\/wp\/v2\/users\/4"}],"replies":[{"embeddable":true,"href":"https:\/\/www.visionweb.com.ar\/index.php?rest_route=%2Fwp%2Fv2%2Fcomments&post=13045"}],"version-history":[{"count":1,"href":"https:\/\/www.visionweb.com.ar\/index.php?rest_route=\/wp\/v2\/posts\/13045\/revisions"}],"predecessor-version":[{"id":13046,"href":"https:\/\/www.visionweb.com.ar\/index.php?rest_route=\/wp\/v2\/posts\/13045\/revisions\/13046"}],"wp:featuredmedia":[{"embeddable":true,"href":"https:\/\/www.visionweb.com.ar\/index.php?rest_route=\/wp\/v2\/media\/12222"}],"wp:attachment":[{"href":"https:\/\/www.visionweb.com.ar\/index.php?rest_route=%2Fwp%2Fv2%2Fmedia&parent=13045"}],"wp:term":[{"taxonomy":"category","embeddable":true,"href":"https:\/\/www.visionweb.com.ar\/index.php?rest_route=%2Fwp%2Fv2%2Fcategories&post=13045"},{"taxonomy":"post_tag","embeddable":true,"href":"https:\/\/www.visionweb.com.ar\/index.php?rest_route=%2Fwp%2Fv2%2Ftags&post=13045"}],"curies":[{"name":"wp","href":"https:\/\/api.w.org\/{rel}","templated":true}]}}