{"id":13043,"date":"2023-12-20T12:36:36","date_gmt":"2023-12-20T15:36:36","guid":{"rendered":"https:\/\/www.visionweb.com.ar\/?p=13043"},"modified":"2023-12-20T13:03:45","modified_gmt":"2023-12-20T16:03:45","slug":"bullrich-hoy-empieza-un-camino-que-no-tiene-vuelta-atras-se-terminan-los-cortes","status":"publish","type":"post","link":"https:\/\/www.visionweb.com.ar\/?p=13043","title":{"rendered":"Bullrich: \u00abHoy empieza un camino que no tiene vuelta atr\u00e1s, se terminan los cortes\u00bb"},"content":{"rendered":"<p><em><strong>Se refiri\u00f3 a la implementaci\u00f3n del protocolo de orden p\u00fablico en la movilizaci\u00f3n\u00a0que est\u00e1 pautada para esta tarde por movimientos sociales. Aspira a \u201cuna nueva era para la convivencia y la paz\u201d, donde a los que corten las calles \u201cse les pedir\u00e1 que suban a la vereda\u201d.<\/strong><\/em><!--more--><\/p>\n<p><strong><img loading=\"lazy\" decoding=\"async\" class=\"size-medium wp-image-12986 alignright\" src=\"https:\/\/www.visionweb.com.ar\/wp-content\/uploads\/2023\/12\/Bullrich-protocolo-300x197.png\" alt=\"\" width=\"300\" height=\"197\" srcset=\"https:\/\/www.visionweb.com.ar\/wp-content\/uploads\/2023\/12\/Bullrich-protocolo-300x197.png 300w, https:\/\/www.visionweb.com.ar\/wp-content\/uploads\/2023\/12\/Bullrich-protocolo.png 542w\" sizes=\"auto, (max-width: 300px) 100vw, 300px\" \/>\u00a0\u00a0 L<\/strong>a ministra de Seguridad,<strong>\u00a0Patricia Bullrich<\/strong>, dijo que \u201c<strong>hoy se terminan los cortes y empieza un camino que no tiene vuelta atr\u00e1s<\/strong>\u201d con la implementaci\u00f3n del protocolo de orden p\u00fablico que se pondr\u00e1 en pr\u00e1ctica este mi\u00e9rcoles por primera vez.<\/p>\n<p>Tambi\u00e9n inform\u00f3 que, hasta el momento, se recibieron 5.000 denuncias de beneficiarios de planes sociales en la l\u00ednea 134 <strong>que ser\u00e1n \u201cjudicializadas\u201d tras la jornada de protestas<\/strong>.<\/p>\n<p>\u201cHoy vamos a trabajar con el objetivo de que comience una nueva era para la convivencia y la paz donde los que tengan que llegar a sus trabajos no tengan que pensar que tienen dos o tres horas m\u00e1s de viaje\u201d, sostuvo la funcionaria en declaraciones a TN, ante la movilizaci\u00f3n de la Unidad Piquetera prevista para esta tarde.<\/p>\n<p><strong>Bullrich anticip\u00f3 que a los que corten las calles \u201cse les pedir\u00e1 que suban a la vereda\u201d\u00a0<\/strong>y que, en el caso de que haya manifestantes con menores,\u00a0<strong>\u201chabr\u00e1 un aviso a las autoridades y a los organismos de la ni\u00f1ez, respecto de la responsabilidad de los padres sobre sus hijos\u201d.<\/strong><\/p>\n<p>\u201cTenemos los medios para identificarlos a todos. Esta es la decisi\u00f3n del gobierno: Se termina el corte y los que quieran manifestar que vayan a las plazas, a los cordones, pero no se corta la calle. Hoy es un comienzo y no hay que esperar un 100 por ciento de \u00e9xito pero comienza\u00a0<strong>un nuevo camino que no tiene vuelta atr\u00e1s<\/strong>\u201d, agreg\u00f3 Bullrich.<\/p>\n<p>En la misma l\u00ednea, dijo que\u00a0<strong>\u00abse terminan los extorsionadores y los due\u00f1os de los planes\u00bb\u00a0<\/strong>y<strong>\u00a0explic\u00f3 que ya se recibieron 5.000 denuncias en la l\u00ednea 134, anunciada para recibir denuncias sobre presiones para marchar a cambio de un plan social<\/strong>.<\/p>\n<p>\u201cNo recibimos m\u00e1s porque el sistema no tiene m\u00e1s capacidad y estuvo saturado todo el tiempo recibiendo mensajes que dec\u00edan,\u00a0<strong>\u201csi no voy a la marcha me cortan el Potenciar Trabajo<\/strong>\u201c, describi\u00f3 Bullrich.<\/p>\n<p>Adem\u00e1s, agreg\u00f3: \u201cYo le digo a todos los argentinos que nos est\u00e1n mirando que es al rev\u00e9s, si se queda trabajando en la cooperativa de trabajo, en el comedor o cuidando a su familia, el plan Potenciar Trabajo lo van a tener\u201d.<\/p>\n<p>Bullrich explic\u00f3 que \u201chay muchas denuncias que tienen identificado el l\u00edder barrial o el piquetero que los obliga a ir y tambi\u00e9n al sistema de organizaci\u00f3n paralela al Estado\u201d en municipios como Moreno, Jos\u00e9 C. Paz y Florencio Varela\u201d, y a\u00f1adi\u00f3: \u201c<strong>Les cobran 7000 pesos de multa al que no va a las marchas. Es un Estado paralelo. Tenemos much\u00edsimos nombres y terminado el d\u00eda de hoy estas denuncias las vamos a judicializar\u201d<\/strong><\/p>\n<p>Al ser\u00a0<strong>consultada sobre c\u00f3mo se identificar\u00e1 a los manifestantes<\/strong>, indic\u00f3 que \u201c<strong>en toda la Ciudad hay c\u00e1maras, en los ferrocarriles y en distintos lugares donde pueden hacer un piquete\u201d<\/strong>\u00a0y dijo que \u201chabr\u00e1 tambi\u00e9n polic\u00eda con c\u00e1maras para luego generar un sistema de identificaci\u00f3n\u201d.<\/p>\n<p>Asever\u00f3 que se est\u00e1 trabajando con el Renaper: \u201cVamos a identificar a todos los que cortan, sepan que tenemos la forma de hacerlo y que van a perder el beneficio.\u00a0<strong>Si son inteligentes, se quedar\u00e1n en sus casas o en el trabajo<\/strong>\u201d, complet\u00f3.<\/p>\n<p>Respecto de los que manifestantes que marchen con ni\u00f1os, la ministra sostuvo que \u201c<strong>habr\u00e1 m\u00e1s cuidado con las mujeres y hombres que tengan menores.<\/strong>\u00a0Se va a anotar a las personas que est\u00e9n en esta situaci\u00f3n para avisarles a los organismos sobre el cuidado de los chicos como por ejemplo, los centros de ni\u00f1ez que tiene cada jurisdicci\u00f3n\u201d para<strong>\u00a0\u201crealizar un aviso a las autoridades sobre la responsabilidad de esos padres\u201d.<\/strong><\/p>\n<p>Finalmente, sobre la provincia de Buenos Aires, cuyas autoridades dijeron que no acompa\u00f1ar\u00e1n la implementaci\u00f3n del protocolo, Bullrich indic\u00f3: \u201c<strong>El viernes pr\u00f3ximo vamos a hablar con el ministro de Seguridad de la provincia de Buenos Aires y trataremos de convencerlos de que la Argentina necesita paz y orden\u201d.<\/strong><\/p>\n<p><strong>Carteles:<\/strong><\/p>\n<p>El Ministerio de Seguridad,\u00a0a cargo de<strong> Patricia Bullrich<\/strong>, coloc\u00f3 en la ma\u00f1ana de este mi\u00e9rcoles carteles en estaciones de trenes con la leyenda \u201c<strong>El que corta no cobra<\/strong>\u201d, y record\u00f3 a aquellos que se movilicen que en caso de ejercer el derecho a protestar \u201c<strong>solo lo pueden hacer en lugares habilitados, porque cortar una calle es un delito penado por ley\u201d.<\/strong><\/p>\n<p>\u201cEl que corta no cobra. El Ministerio de Seguridad de la Naci\u00f3n informa: Si va a ejercer su derecho a protestar tome en cuenta que solo lo puede hacer en lugares habilitados.\u00a0<strong>Recuerde que cortar una calle, avenida o una ruta es un delito<\/strong>\u00a0penado por ley\u201d, rezan los carteles led ubicados en la terminal de trenes, colectivos y subtes. Tambi\u00e9n se anunci\u00f3 el comunicado por los altavoces de las estaciones y terminales. (Con informaci\u00f3n de T\u00e9lam) <strong>(VW)<\/strong><\/p>\n","protected":false},"excerpt":{"rendered":"<p>Se refiri\u00f3 a la implementaci\u00f3n del protocolo de orden p\u00fablico en la movilizaci\u00f3n\u00a0que est\u00e1 pautada para esta tarde por movimientos sociales. Aspira a \u201cuna nueva era para la convivencia y la paz\u201d, donde a&#46;&#46;&#46;<\/p>\n","protected":false},"author":4,"featured_media":12986,"comment_status":"closed","ping_status":"closed","sticky":false,"template":"","format":"standard","meta":{"_monsterinsights_skip_tracking":false,"_monsterinsights_sitenote_active":false,"_monsterinsights_sitenote_note":"","_monsterinsights_sitenote_category":0,"footnotes":""},"categories":[4,5],"tags":[504,277,3450,5420],"class_list":["post-13043","post","type-post","status-publish","format-standard","has-post-thumbnail","hentry","category-politica","category-sociedad","tag-bullrich","tag-cortes","tag-piquetes","tag-protocolo-de-seguridad"],"_links":{"self":[{"href":"https:\/\/www.visionweb.com.ar\/index.php?rest_route=\/wp\/v2\/posts\/13043","targetHints":{"allow":["GET"]}}],"collection":[{"href":"https:\/\/www.visionweb.com.ar\/index.php?rest_route=\/wp\/v2\/posts"}],"about":[{"href":"https:\/\/www.visionweb.com.ar\/index.php?rest_route=\/wp\/v2\/types\/post"}],"author":[{"embeddable":true,"href":"https:\/\/www.visionweb.com.ar\/index.php?rest_route=\/wp\/v2\/users\/4"}],"replies":[{"embeddable":true,"href":"https:\/\/www.visionweb.com.ar\/index.php?rest_route=%2Fwp%2Fv2%2Fcomments&post=13043"}],"version-history":[{"count":2,"href":"https:\/\/www.visionweb.com.ar\/index.php?rest_route=\/wp\/v2\/posts\/13043\/revisions"}],"predecessor-version":[{"id":13047,"href":"https:\/\/www.visionweb.com.ar\/index.php?rest_route=\/wp\/v2\/posts\/13043\/revisions\/13047"}],"wp:featuredmedia":[{"embeddable":true,"href":"https:\/\/www.visionweb.com.ar\/index.php?rest_route=\/wp\/v2\/media\/12986"}],"wp:attachment":[{"href":"https:\/\/www.visionweb.com.ar\/index.php?rest_route=%2Fwp%2Fv2%2Fmedia&parent=13043"}],"wp:term":[{"taxonomy":"category","embeddable":true,"href":"https:\/\/www.visionweb.com.ar\/index.php?rest_route=%2Fwp%2Fv2%2Fcategories&post=13043"},{"taxonomy":"post_tag","embeddable":true,"href":"https:\/\/www.visionweb.com.ar\/index.php?rest_route=%2Fwp%2Fv2%2Ftags&post=13043"}],"curies":[{"name":"wp","href":"https:\/\/api.w.org\/{rel}","templated":true}]}}